{"id":53747,"date":"2021-09-14T13:02:41","date_gmt":"2021-09-14T13:02:41","guid":{"rendered":"https:\/\/jorgezanoni.com.br\/2019\/?p=53747"},"modified":"2021-09-14T13:02:41","modified_gmt":"2021-09-14T13:02:41","slug":"distrito-de-jacipora-completa-83-anos-nesta-quarta-feira","status":"publish","type":"post","link":"https:\/\/jorgezanoni.com.br\/2019\/distrito-de-jacipora-completa-83-anos-nesta-quarta-feira\/","title":{"rendered":"Distr\u00edto de Jacipor\u00e3 completa 83 anos nesta quarta-feira"},"content":{"rendered":"<p style=\"text-align: justify;\">O distrito de Jacipor\u00e3 completa nesta quarta-feira, 15\/09, anivers\u00e1rio de funda\u00e7\u00e3o. Neste ano s\u00e3o 83 anos. O subprefeito Valdinei de Jesus Lima (Tato), com apoio da Prefeitura desenvolveu uma programa\u00e7\u00e3o especial para comemorar a data.<br \/>\nNa sexta-feira, 17, \u00e0s 20h, haver\u00e1 missa em a\u00e7\u00e3o de gra\u00e7as a Nossa Senhora Aparecida, na capela do distrito; no s\u00e1bado, 18, \u00e0s 16h, passeio e competi\u00e7\u00e3o de ciclismo, na Avenida Tancredo Aielo.<br \/>\nNo s\u00e1bado, 18, \u00e0s 19h, ter\u00e1 torneio de futsal, na quadra esportiva da Emefi Sergio Liberatti. No domingo, 19, \u00e0s 8h, torneio de futebol de campo, na Rua Jos\u00e9 Silva de Azevedo.<\/p>\n<p><img loading=\"lazy\" decoding=\"async\" class=\"alignnone size-full wp-image-53749\" src=\"https:\/\/jorgezanoni.com.br\/2019\/wp-content\/uploads\/2021\/09\/ja1.jpg\" alt=\"\" width=\"800\" height=\"533\" srcset=\"https:\/\/jorgezanoni.com.br\/2019\/wp-content\/uploads\/2021\/09\/ja1.jpg 800w, https:\/\/jorgezanoni.com.br\/2019\/wp-content\/uploads\/2021\/09\/ja1-300x200.jpg 300w, https:\/\/jorgezanoni.com.br\/2019\/wp-content\/uploads\/2021\/09\/ja1-768x512.jpg 768w, https:\/\/jorgezanoni.com.br\/2019\/wp-content\/uploads\/2021\/09\/ja1-696x464.jpg 696w, https:\/\/jorgezanoni.com.br\/2019\/wp-content\/uploads\/2021\/09\/ja1-630x420.jpg 630w\" sizes=\"auto, (max-width: 800px) 100vw, 800px\" \/><\/p>\n<p style=\"text-align: justify;\">Fonte: Diretoria de Comunica\u00e7\u00e3o<\/p>\n","protected":false},"excerpt":{"rendered":"<p>O distrito de Jacipor\u00e3 completa nesta quarta-feira, 15\/09, anivers\u00e1rio de funda\u00e7\u00e3o. Neste ano s\u00e3o 83 anos. O subprefeito Valdinei de Jesus Lima (Tato), com apoio da Prefeitura desenvolveu uma programa\u00e7\u00e3o especial para comemorar a data. Na sexta-feira, 17, \u00e0s 20h, haver\u00e1 missa em a\u00e7\u00e3o de gra\u00e7as a Nossa Senhora Aparecida, na capela do distrito; no [&hellip;]<\/p>\n","protected":false},"author":1,"featured_media":53748,"comment_status":"closed","ping_status":"open","sticky":false,"template":"","format":"standard","meta":{"footnotes":""},"categories":[179,184,110],"tags":[],"class_list":["post-53747","post","type-post","status-publish","format-standard","has-post-thumbnail","hentry","category-cidadeseregiao","category-dracena","category-noticiasdestaque"],"_links":{"self":[{"href":"https:\/\/jorgezanoni.com.br\/2019\/wp-json\/wp\/v2\/posts\/53747","targetHints":{"allow":["GET"]}}],"collection":[{"href":"https:\/\/jorgezanoni.com.br\/2019\/wp-json\/wp\/v2\/posts"}],"about":[{"href":"https:\/\/jorgezanoni.com.br\/2019\/wp-json\/wp\/v2\/types\/post"}],"author":[{"embeddable":true,"href":"https:\/\/jorgezanoni.com.br\/2019\/wp-json\/wp\/v2\/users\/1"}],"replies":[{"embeddable":true,"href":"https:\/\/jorgezanoni.com.br\/2019\/wp-json\/wp\/v2\/comments?post=53747"}],"version-history":[{"count":0,"href":"https:\/\/jorgezanoni.com.br\/2019\/wp-json\/wp\/v2\/posts\/53747\/revisions"}],"wp:featuredmedia":[{"embeddable":true,"href":"https:\/\/jorgezanoni.com.br\/2019\/wp-json\/wp\/v2\/media\/53748"}],"wp:attachment":[{"href":"https:\/\/jorgezanoni.com.br\/2019\/wp-json\/wp\/v2\/media?parent=53747"}],"wp:term":[{"taxonomy":"category","embeddable":true,"href":"https:\/\/jorgezanoni.com.br\/2019\/wp-json\/wp\/v2\/categories?post=53747"},{"taxonomy":"post_tag","embeddable":true,"href":"https:\/\/jorgezanoni.com.br\/2019\/wp-json\/wp\/v2\/tags?post=53747"}],"curies":[{"name":"wp","href":"https:\/\/api.w.org\/{rel}","templated":true}]}}