{"id":53736,"date":"2021-09-14T12:04:12","date_gmt":"2021-09-14T12:04:12","guid":{"rendered":"https:\/\/jorgezanoni.com.br\/2019\/?p=53736"},"modified":"2021-09-14T12:04:12","modified_gmt":"2021-09-14T12:04:12","slug":"aniversariantes-do-dia-14-09-21","status":"publish","type":"post","link":"https:\/\/jorgezanoni.com.br\/2019\/aniversariantes-do-dia-14-09-21\/","title":{"rendered":"Aniversariantes do Dia 14\/09\/21"},"content":{"rendered":"<p>PARABENIZAMOS OS ANIVERSARIANTES DE HOJE:<\/p>\n<p><img loading=\"lazy\" decoding=\"async\" class=\"alignnone size-full wp-image-53745\" src=\"https:\/\/jorgezanoni.com.br\/2019\/wp-content\/uploads\/2021\/09\/Arlete-1.jpg\" alt=\"\" width=\"1200\" height=\"1200\" srcset=\"https:\/\/jorgezanoni.com.br\/2019\/wp-content\/uploads\/2021\/09\/Arlete-1.jpg 1200w, https:\/\/jorgezanoni.com.br\/2019\/wp-content\/uploads\/2021\/09\/Arlete-1-300x300.jpg 300w, https:\/\/jorgezanoni.com.br\/2019\/wp-content\/uploads\/2021\/09\/Arlete-1-1024x1024.jpg 1024w, https:\/\/jorgezanoni.com.br\/2019\/wp-content\/uploads\/2021\/09\/Arlete-1-150x150.jpg 150w, https:\/\/jorgezanoni.com.br\/2019\/wp-content\/uploads\/2021\/09\/Arlete-1-768x768.jpg 768w, https:\/\/jorgezanoni.com.br\/2019\/wp-content\/uploads\/2021\/09\/Arlete-1-696x696.jpg 696w, https:\/\/jorgezanoni.com.br\/2019\/wp-content\/uploads\/2021\/09\/Arlete-1-1068x1068.jpg 1068w, https:\/\/jorgezanoni.com.br\/2019\/wp-content\/uploads\/2021\/09\/Arlete-1-420x420.jpg 420w\" sizes=\"auto, (max-width: 1200px) 100vw, 1200px\" \/>Arlete Paschoal Ozanik<\/p>\n<p><img loading=\"lazy\" decoding=\"async\" class=\"alignnone size-full wp-image-53737\" src=\"https:\/\/jorgezanoni.com.br\/2019\/wp-content\/uploads\/2021\/09\/Bruno-Falcao-2.jpg\" alt=\"\" width=\"731\" height=\"858\" srcset=\"https:\/\/jorgezanoni.com.br\/2019\/wp-content\/uploads\/2021\/09\/Bruno-Falcao-2.jpg 731w, https:\/\/jorgezanoni.com.br\/2019\/wp-content\/uploads\/2021\/09\/Bruno-Falcao-2-256x300.jpg 256w, https:\/\/jorgezanoni.com.br\/2019\/wp-content\/uploads\/2021\/09\/Bruno-Falcao-2-696x817.jpg 696w, https:\/\/jorgezanoni.com.br\/2019\/wp-content\/uploads\/2021\/09\/Bruno-Falcao-2-358x420.jpg 358w\" sizes=\"auto, (max-width: 731px) 100vw, 731px\" \/>Bruno Falc\u00e3o<\/p>\n<p><img loading=\"lazy\" decoding=\"async\" class=\"alignnone size-full wp-image-53738\" src=\"https:\/\/jorgezanoni.com.br\/2019\/wp-content\/uploads\/2021\/09\/Elza-Capobianco-Souza-2.jpg\" alt=\"\" width=\"626\" height=\"993\" srcset=\"https:\/\/jorgezanoni.com.br\/2019\/wp-content\/uploads\/2021\/09\/Elza-Capobianco-Souza-2.jpg 626w, https:\/\/jorgezanoni.com.br\/2019\/wp-content\/uploads\/2021\/09\/Elza-Capobianco-Souza-2-189x300.jpg 189w, https:\/\/jorgezanoni.com.br\/2019\/wp-content\/uploads\/2021\/09\/Elza-Capobianco-Souza-2-265x420.jpg 265w\" sizes=\"auto, (max-width: 626px) 100vw, 626px\" \/>Elza Capobianco Souza<\/p>\n<p><img loading=\"lazy\" decoding=\"async\" class=\"alignnone size-full wp-image-53739\" src=\"https:\/\/jorgezanoni.com.br\/2019\/wp-content\/uploads\/2021\/09\/Fermando-Bispo.jpg\" alt=\"\" width=\"2000\" height=\"2015\" srcset=\"https:\/\/jorgezanoni.com.br\/2019\/wp-content\/uploads\/2021\/09\/Fermando-Bispo.jpg 2000w, https:\/\/jorgezanoni.com.br\/2019\/wp-content\/uploads\/2021\/09\/Fermando-Bispo-298x300.jpg 298w, https:\/\/jorgezanoni.com.br\/2019\/wp-content\/uploads\/2021\/09\/Fermando-Bispo-1016x1024.jpg 1016w, https:\/\/jorgezanoni.com.br\/2019\/wp-content\/uploads\/2021\/09\/Fermando-Bispo-150x150.jpg 150w, https:\/\/jorgezanoni.com.br\/2019\/wp-content\/uploads\/2021\/09\/Fermando-Bispo-768x774.jpg 768w, https:\/\/jorgezanoni.com.br\/2019\/wp-content\/uploads\/2021\/09\/Fermando-Bispo-1525x1536.jpg 1525w, https:\/\/jorgezanoni.com.br\/2019\/wp-content\/uploads\/2021\/09\/Fermando-Bispo-696x701.jpg 696w, https:\/\/jorgezanoni.com.br\/2019\/wp-content\/uploads\/2021\/09\/Fermando-Bispo-1068x1076.jpg 1068w, https:\/\/jorgezanoni.com.br\/2019\/wp-content\/uploads\/2021\/09\/Fermando-Bispo-417x420.jpg 417w\" sizes=\"auto, (max-width: 2000px) 100vw, 2000px\" \/>Fernando Bispo<\/p>\n<p><img loading=\"lazy\" decoding=\"async\" class=\"alignnone size-full wp-image-53740\" src=\"https:\/\/jorgezanoni.com.br\/2019\/wp-content\/uploads\/2021\/09\/Jessica-Fernanda.jpg\" alt=\"\" width=\"968\" height=\"1599\" srcset=\"https:\/\/jorgezanoni.com.br\/2019\/wp-content\/uploads\/2021\/09\/Jessica-Fernanda.jpg 968w, https:\/\/jorgezanoni.com.br\/2019\/wp-content\/uploads\/2021\/09\/Jessica-Fernanda-182x300.jpg 182w, https:\/\/jorgezanoni.com.br\/2019\/wp-content\/uploads\/2021\/09\/Jessica-Fernanda-620x1024.jpg 620w, https:\/\/jorgezanoni.com.br\/2019\/wp-content\/uploads\/2021\/09\/Jessica-Fernanda-768x1269.jpg 768w, https:\/\/jorgezanoni.com.br\/2019\/wp-content\/uploads\/2021\/09\/Jessica-Fernanda-930x1536.jpg 930w, https:\/\/jorgezanoni.com.br\/2019\/wp-content\/uploads\/2021\/09\/Jessica-Fernanda-696x1150.jpg 696w, https:\/\/jorgezanoni.com.br\/2019\/wp-content\/uploads\/2021\/09\/Jessica-Fernanda-254x420.jpg 254w\" sizes=\"auto, (max-width: 968px) 100vw, 968px\" \/>J\u00e9ssica Fernanda<\/p>\n<p><img loading=\"lazy\" decoding=\"async\" class=\"alignnone size-full wp-image-53741\" src=\"https:\/\/jorgezanoni.com.br\/2019\/wp-content\/uploads\/2021\/09\/Luiz-Roberto-Volpi-2.jpg\" alt=\"\" width=\"427\" height=\"366\" srcset=\"https:\/\/jorgezanoni.com.br\/2019\/wp-content\/uploads\/2021\/09\/Luiz-Roberto-Volpi-2.jpg 427w, https:\/\/jorgezanoni.com.br\/2019\/wp-content\/uploads\/2021\/09\/Luiz-Roberto-Volpi-2-300x257.jpg 300w\" sizes=\"auto, (max-width: 427px) 100vw, 427px\" \/>Luiz Roberto Volpi<\/p>\n<p><img loading=\"lazy\" decoding=\"async\" class=\"alignnone size-full wp-image-53742\" src=\"https:\/\/jorgezanoni.com.br\/2019\/wp-content\/uploads\/2021\/09\/Priscila-Rios.jpg\" alt=\"\" width=\"651\" height=\"664\" srcset=\"https:\/\/jorgezanoni.com.br\/2019\/wp-content\/uploads\/2021\/09\/Priscila-Rios.jpg 651w, https:\/\/jorgezanoni.com.br\/2019\/wp-content\/uploads\/2021\/09\/Priscila-Rios-294x300.jpg 294w, https:\/\/jorgezanoni.com.br\/2019\/wp-content\/uploads\/2021\/09\/Priscila-Rios-356x364.jpg 356w, https:\/\/jorgezanoni.com.br\/2019\/wp-content\/uploads\/2021\/09\/Priscila-Rios-412x420.jpg 412w\" sizes=\"auto, (max-width: 651px) 100vw, 651px\" \/>Priscila Rios<\/p>\n<p><img loading=\"lazy\" decoding=\"async\" class=\"alignnone size-full wp-image-53743\" src=\"https:\/\/jorgezanoni.com.br\/2019\/wp-content\/uploads\/2021\/09\/Renara-Goncalves-Fonseca.jpg\" alt=\"\" width=\"1538\" height=\"2048\" srcset=\"https:\/\/jorgezanoni.com.br\/2019\/wp-content\/uploads\/2021\/09\/Renara-Goncalves-Fonseca.jpg 1538w, https:\/\/jorgezanoni.com.br\/2019\/wp-content\/uploads\/2021\/09\/Renara-Goncalves-Fonseca-225x300.jpg 225w, https:\/\/jorgezanoni.com.br\/2019\/wp-content\/uploads\/2021\/09\/Renara-Goncalves-Fonseca-769x1024.jpg 769w, https:\/\/jorgezanoni.com.br\/2019\/wp-content\/uploads\/2021\/09\/Renara-Goncalves-Fonseca-768x1023.jpg 768w, https:\/\/jorgezanoni.com.br\/2019\/wp-content\/uploads\/2021\/09\/Renara-Goncalves-Fonseca-1154x1536.jpg 1154w, https:\/\/jorgezanoni.com.br\/2019\/wp-content\/uploads\/2021\/09\/Renara-Goncalves-Fonseca-696x927.jpg 696w, https:\/\/jorgezanoni.com.br\/2019\/wp-content\/uploads\/2021\/09\/Renara-Goncalves-Fonseca-1068x1422.jpg 1068w, https:\/\/jorgezanoni.com.br\/2019\/wp-content\/uploads\/2021\/09\/Renara-Goncalves-Fonseca-315x420.jpg 315w\" sizes=\"auto, (max-width: 1538px) 100vw, 1538px\" \/>Renara Gon\u00e7alves Fonseca<\/p>\n<p><img loading=\"lazy\" decoding=\"async\" class=\"alignnone size-full wp-image-53744\" src=\"https:\/\/jorgezanoni.com.br\/2019\/wp-content\/uploads\/2021\/09\/Vanda-Coelho-Bezerra-2.jpg\" alt=\"\" width=\"1063\" height=\"1439\" srcset=\"https:\/\/jorgezanoni.com.br\/2019\/wp-content\/uploads\/2021\/09\/Vanda-Coelho-Bezerra-2.jpg 1063w, https:\/\/jorgezanoni.com.br\/2019\/wp-content\/uploads\/2021\/09\/Vanda-Coelho-Bezerra-2-222x300.jpg 222w, https:\/\/jorgezanoni.com.br\/2019\/wp-content\/uploads\/2021\/09\/Vanda-Coelho-Bezerra-2-756x1024.jpg 756w, https:\/\/jorgezanoni.com.br\/2019\/wp-content\/uploads\/2021\/09\/Vanda-Coelho-Bezerra-2-768x1040.jpg 768w, https:\/\/jorgezanoni.com.br\/2019\/wp-content\/uploads\/2021\/09\/Vanda-Coelho-Bezerra-2-696x942.jpg 696w, https:\/\/jorgezanoni.com.br\/2019\/wp-content\/uploads\/2021\/09\/Vanda-Coelho-Bezerra-2-310x420.jpg 310w\" sizes=\"auto, (max-width: 1063px) 100vw, 1063px\" \/>Vanda Coelho Bezerra<\/p>\n","protected":false},"excerpt":{"rendered":"<p>PARABENIZAMOS OS ANIVERSARIANTES DE HOJE: Arlete Paschoal Ozanik Bruno Falc\u00e3o Elza Capobianco Souza Fernando Bispo J\u00e9ssica Fernanda Luiz Roberto Volpi Priscila Rios Renara Gon\u00e7alves Fonseca Vanda Coelho Bezerra<\/p>\n","protected":false},"author":1,"featured_media":53742,"comment_status":"closed","ping_status":"open","sticky":false,"template":"","format":"standard","meta":{"footnotes":""},"categories":[174],"tags":[],"class_list":["post-53736","post","type-post","status-publish","format-standard","has-post-thumbnail","hentry","category-aniversariantes"],"_links":{"self":[{"href":"https:\/\/jorgezanoni.com.br\/2019\/wp-json\/wp\/v2\/posts\/53736","targetHints":{"allow":["GET"]}}],"collection":[{"href":"https:\/\/jorgezanoni.com.br\/2019\/wp-json\/wp\/v2\/posts"}],"about":[{"href":"https:\/\/jorgezanoni.com.br\/2019\/wp-json\/wp\/v2\/types\/post"}],"author":[{"embeddable":true,"href":"https:\/\/jorgezanoni.com.br\/2019\/wp-json\/wp\/v2\/users\/1"}],"replies":[{"embeddable":true,"href":"https:\/\/jorgezanoni.com.br\/2019\/wp-json\/wp\/v2\/comments?post=53736"}],"version-history":[{"count":0,"href":"https:\/\/jorgezanoni.com.br\/2019\/wp-json\/wp\/v2\/posts\/53736\/revisions"}],"wp:featuredmedia":[{"embeddable":true,"href":"https:\/\/jorgezanoni.com.br\/2019\/wp-json\/wp\/v2\/media\/53742"}],"wp:attachment":[{"href":"https:\/\/jorgezanoni.com.br\/2019\/wp-json\/wp\/v2\/media?parent=53736"}],"wp:term":[{"taxonomy":"category","embeddable":true,"href":"https:\/\/jorgezanoni.com.br\/2019\/wp-json\/wp\/v2\/categories?post=53736"},{"taxonomy":"post_tag","embeddable":true,"href":"https:\/\/jorgezanoni.com.br\/2019\/wp-json\/wp\/v2\/tags?post=53736"}],"curies":[{"name":"wp","href":"https:\/\/api.w.org\/{rel}","templated":true}]}}