{"id":53723,"date":"2021-09-14T00:02:19","date_gmt":"2021-09-14T00:02:19","guid":{"rendered":"https:\/\/jorgezanoni.com.br\/2019\/?p=53723"},"modified":"2021-09-14T00:02:19","modified_gmt":"2021-09-14T00:02:19","slug":"rapida-resposta-acao-conjunta-entre-as-policias-civil-e-militar-resulta-na-prisao-dos-suspeitos-de-homicidio-em-uma-construcao-abandonada-em-dracena","status":"publish","type":"post","link":"https:\/\/jorgezanoni.com.br\/2019\/rapida-resposta-acao-conjunta-entre-as-policias-civil-e-militar-resulta-na-prisao-dos-suspeitos-de-homicidio-em-uma-construcao-abandonada-em-dracena\/","title":{"rendered":"R\u00e1pida resposta: A\u00e7\u00e3o conjunta entre as Pol\u00edcias Civil e Militar resulta na pris\u00e3o dos suspeitos de homic\u00eddio em uma constru\u00e7\u00e3o abandonada em Dracena."},"content":{"rendered":"<p style=\"text-align: justify;\"><strong>Uma faca aparentando ter vest\u00edgios de sangue na l\u00e2mina que pode ter sido usada como instrumento do crime e roupas usadas por um dos suspeitos foram apreendidos.<\/strong><\/p>\n<p style=\"text-align: justify;\">Um trabalho em conjunto, realizado por interm\u00e9dio da Unidades Especializadas (Delegacia de Investiga\u00e7\u00f5es Gerais e Delegacia de Investiga\u00e7\u00f5es Sobre Entorpecentes) e a Pol\u00edcia Militar, resultou nesta segunda-feira (13), na captura e pris\u00e3o de dois homens, de 31 e 48 anos, suspeitos no envolvimento de um homic\u00eddio ocorrido na noite do \u00faltimo s\u00e1bado (11) numa constru\u00e7\u00e3o abandonada na \u00e1rea central de Dracena. Uma faca aparentando ter vest\u00edgios de sangue na l\u00e2mina que pode ter sido usada como instrumento do crime e roupas usadas por um dos suspeitos foram apreendidos em dilig\u00eancia realizada pela Pol\u00edcia Civil.<br \/>\nCrime ocorreu no s\u00e1bado (11), no interior de uma constru\u00e7\u00e3o abandonada, e vitimou um homem, de 42 anos, que foi encontrado morto com um corte no pesco\u00e7o. O local onde aconteceu o homic\u00eddio \u00e9 frequentando por moradores em situa\u00e7\u00e3o de rua e usu\u00e1rios de drogas.<br \/>\nNo dia do fato, a Policia Militar durante o patrulhamento ostensivo, recebeu informa\u00e7\u00e3o via COPOM sobre o encontro de um cad\u00e1ver num im\u00f3vel em constru\u00e7\u00e3o, sendo que no terceiro andar do referido im\u00f3vel foi localizado um indiv\u00edduo ca\u00eddo ao ch\u00e3o com corte no pesco\u00e7o todo ensanguentado, aparentando j\u00e1 estar em estado de \u00f3bito. O local foi preservado e requisitado a Policia T\u00e9cnico Cientificada, bem como solicitado um ve\u00edculo do servi\u00e7o funer\u00e1rio para retirada do corpo.<br \/>\nDurante a lavratura da ocorr\u00eancia no Plant\u00e3o Policial, informa\u00e7\u00f5es foram obtidas relacionadas a dois poss\u00edveis suspeitos de serem autores do crime. O homem de 31 anos preso hoje, ainda, na noite do s\u00e1bado foi conduzido ao plant\u00e3o, ouvido e liberado, ele negou qualquer envolvimento no homic\u00eddio. Todavia, afirmou que na companhia do outro indiv\u00edduo tamb\u00e9m preso, nesta segunda-feira, ou seja, o homem de 48 anos, estiveram no local do crime para consumir drogas.<br \/>\nA Policia Civil, ent\u00e3o, instaurou inqu\u00e9rito referente ao homic\u00eddio e representou pelo pedido de pris\u00e3o tempor\u00e1ria por 30 dias dos indiv\u00edduos suspeitos, que foi prontamente deferido pelo Poder Judici\u00e1rio da Comarca de Dracena.<br \/>\nAs pris\u00f5es dos acusados aconteceram nesta segunda-feira, durante a\u00e7\u00e3o conjunta das policiais Civil e Militar, o homem de 31 anos foi preso por policiais militares na pra\u00e7a Arthur Pagnozzi e o homem de 48 anos foi preso por agentes da Unidades Especializadas, da Policia Civil, numa resid\u00eancia, no bairro Santa Clara. Ainda, durante a dilig\u00eancias com a indica\u00e7\u00e3o de um dos suspeitos, no local do homic\u00eddio, foi localizada uma faca aparentando ter vest\u00edgios de sangue na l\u00e2mina que pode ter sido usada como instrumento do crime, e num outro endere\u00e7o foram encontradas roupas usadas pelos acusados.<br \/>\nAmbos os suspeitos ap\u00f3s ser formalizado o cumprimento das ordens judiciais de pris\u00e3o, foram conduzidos para uma unidade prisional, ficando \u00e0 disposi\u00e7\u00e3o da Justi\u00e7a. A Policia Civil aguardar\u00e1 os resultados dos laudos periciais solicitados, tendo prazo de 30 dias para conclus\u00e3o do relat\u00f3rio do inqu\u00e9rito e pedido da pris\u00e3o preventiva, ou pela prorroga\u00e7\u00e3o de igual prazo da pris\u00e3o tempor\u00e1ria.<\/p>\n<p><img loading=\"lazy\" decoding=\"async\" class=\"alignnone size-full wp-image-53724\" src=\"https:\/\/jorgezanoni.com.br\/2019\/wp-content\/uploads\/2021\/09\/sho.jpg\" alt=\"\" width=\"868\" height=\"1156\" srcset=\"https:\/\/jorgezanoni.com.br\/2019\/wp-content\/uploads\/2021\/09\/sho.jpg 868w, https:\/\/jorgezanoni.com.br\/2019\/wp-content\/uploads\/2021\/09\/sho-225x300.jpg 225w, https:\/\/jorgezanoni.com.br\/2019\/wp-content\/uploads\/2021\/09\/sho-769x1024.jpg 769w, https:\/\/jorgezanoni.com.br\/2019\/wp-content\/uploads\/2021\/09\/sho-768x1023.jpg 768w, https:\/\/jorgezanoni.com.br\/2019\/wp-content\/uploads\/2021\/09\/sho-696x927.jpg 696w, https:\/\/jorgezanoni.com.br\/2019\/wp-content\/uploads\/2021\/09\/sho-315x420.jpg 315w\" sizes=\"auto, (max-width: 868px) 100vw, 868px\" \/>Fonte: Com. Social Pol\u00edcia Militar e Pol\u00edcia Civil<\/p>\n","protected":false},"excerpt":{"rendered":"<p>Uma faca aparentando ter vest\u00edgios de sangue na l\u00e2mina que pode ter sido usada como instrumento do crime e roupas usadas por um dos suspeitos foram apreendidos. Um trabalho em conjunto, realizado por interm\u00e9dio da Unidades Especializadas (Delegacia de Investiga\u00e7\u00f5es Gerais e Delegacia de Investiga\u00e7\u00f5es Sobre Entorpecentes) e a Pol\u00edcia Militar, resultou nesta segunda-feira (13), [&hellip;]<\/p>\n","protected":false},"author":1,"featured_media":53725,"comment_status":"closed","ping_status":"open","sticky":false,"template":"","format":"standard","meta":{"footnotes":""},"categories":[110,2],"tags":[],"class_list":["post-53723","post","type-post","status-publish","format-standard","has-post-thumbnail","hentry","category-noticiasdestaque","category-policial"],"_links":{"self":[{"href":"https:\/\/jorgezanoni.com.br\/2019\/wp-json\/wp\/v2\/posts\/53723","targetHints":{"allow":["GET"]}}],"collection":[{"href":"https:\/\/jorgezanoni.com.br\/2019\/wp-json\/wp\/v2\/posts"}],"about":[{"href":"https:\/\/jorgezanoni.com.br\/2019\/wp-json\/wp\/v2\/types\/post"}],"author":[{"embeddable":true,"href":"https:\/\/jorgezanoni.com.br\/2019\/wp-json\/wp\/v2\/users\/1"}],"replies":[{"embeddable":true,"href":"https:\/\/jorgezanoni.com.br\/2019\/wp-json\/wp\/v2\/comments?post=53723"}],"version-history":[{"count":0,"href":"https:\/\/jorgezanoni.com.br\/2019\/wp-json\/wp\/v2\/posts\/53723\/revisions"}],"wp:featuredmedia":[{"embeddable":true,"href":"https:\/\/jorgezanoni.com.br\/2019\/wp-json\/wp\/v2\/media\/53725"}],"wp:attachment":[{"href":"https:\/\/jorgezanoni.com.br\/2019\/wp-json\/wp\/v2\/media?parent=53723"}],"wp:term":[{"taxonomy":"category","embeddable":true,"href":"https:\/\/jorgezanoni.com.br\/2019\/wp-json\/wp\/v2\/categories?post=53723"},{"taxonomy":"post_tag","embeddable":true,"href":"https:\/\/jorgezanoni.com.br\/2019\/wp-json\/wp\/v2\/tags?post=53723"}],"curies":[{"name":"wp","href":"https:\/\/api.w.org\/{rel}","templated":true}]}}