{"id":53716,"date":"2021-09-13T15:49:24","date_gmt":"2021-09-13T15:49:24","guid":{"rendered":"https:\/\/jorgezanoni.com.br\/2019\/?p=53716"},"modified":"2021-09-13T15:49:24","modified_gmt":"2021-09-13T15:49:24","slug":"dracenense-morre-em-acidente-na-rodovia-regis-bittencourt-em-embu-da-artes","status":"publish","type":"post","link":"https:\/\/jorgezanoni.com.br\/2019\/dracenense-morre-em-acidente-na-rodovia-regis-bittencourt-em-embu-da-artes\/","title":{"rendered":"Dracenense morre em acidente na Rodovia R\u00e9gis Bittencourt em Emb\u00fa da Artes"},"content":{"rendered":"<h1 class=\"entry-title\" style=\"text-align: justify;\"><strong>Acidente bloqueia parcialmente rodovia R\u00e9gis Bittencourt em Embu das Artes.<\/strong><\/h1>\n<p><img loading=\"lazy\" decoding=\"async\" class=\"alignnone size-full wp-image-53719\" src=\"https:\/\/jorgezanoni.com.br\/2019\/wp-content\/uploads\/2021\/09\/valmir-2.jpg\" alt=\"\" width=\"696\" height=\"322\" srcset=\"https:\/\/jorgezanoni.com.br\/2019\/wp-content\/uploads\/2021\/09\/valmir-2.jpg 696w, https:\/\/jorgezanoni.com.br\/2019\/wp-content\/uploads\/2021\/09\/valmir-2-300x139.jpg 300w\" sizes=\"auto, (max-width: 696px) 100vw, 696px\" \/><\/p>\n<p style=\"text-align: justify;\"><strong>Uma das v\u00edtimas fatais \u00e9 Rick Giorgio Lee Pereira, filho do radialista Valmir Jorge. O Vel\u00f3rio ocorre a partir das 13:00 Horas no Cemit\u00e9rio da Paz, Parque Pinheiros em Tabo\u00e3o da Serra. O Sepultamento deve ocorrer ainda hoje naquela cidade.<\/strong><\/p>\n<p><img loading=\"lazy\" decoding=\"async\" class=\"alignnone size-full wp-image-53717\" src=\"https:\/\/jorgezanoni.com.br\/2019\/wp-content\/uploads\/2021\/09\/valmir-1.jpg\" alt=\"\" width=\"720\" height=\"540\" srcset=\"https:\/\/jorgezanoni.com.br\/2019\/wp-content\/uploads\/2021\/09\/valmir-1.jpg 720w, https:\/\/jorgezanoni.com.br\/2019\/wp-content\/uploads\/2021\/09\/valmir-1-300x225.jpg 300w, https:\/\/jorgezanoni.com.br\/2019\/wp-content\/uploads\/2021\/09\/valmir-1-80x60.jpg 80w, https:\/\/jorgezanoni.com.br\/2019\/wp-content\/uploads\/2021\/09\/valmir-1-265x198.jpg 265w, https:\/\/jorgezanoni.com.br\/2019\/wp-content\/uploads\/2021\/09\/valmir-1-696x522.jpg 696w, https:\/\/jorgezanoni.com.br\/2019\/wp-content\/uploads\/2021\/09\/valmir-1-560x420.jpg 560w\" sizes=\"auto, (max-width: 720px) 100vw, 720px\" \/><\/p>\n<div id=\"td-outer-wrap\" class=\"td-theme-wrap\">\n<div class=\"td-main-content-wrap td-container-wrap\">\n<div class=\"td-container td-post-template-default \">\n<div class=\"td-pb-row\">\n<div class=\"td-pb-span8 td-main-content\" role=\"main\">\n<div class=\"td-ss-main-content\">\n<article id=\"post-212632\" class=\"post-212632 post type-post status-publish format-standard has-post-thumbnail category-estradas tag-acidente tag-arteris tag-br-116 tag-embu-das-artes tag-estradas-2 tag-madrugada tag-regis-bittencourt tag-rodovia-regis-bittencourt tag-rodovias\">\n<div class=\"td-post-content tagdiv-type\">\n<p style=\"text-align: justify;\">Um acidente foi registrado no quil\u00f4metro 280,1 da rodovia R\u00e9gis Bittencourt, na pista sentido S\u00e3o Paulo, em Embu das Artes, na madrugada desta segunda-feira, dia 13 de setembro de 2021.<\/p>\n<p style=\"text-align: justify;\">A concession\u00e1ria\u00a0<a href=\"https:\/\/twitter.com\/Arteris_ARB\" target=\"_blank\" rel=\"noreferrer noopener\">Arteris R\u00e9gis Bittencourt<\/a>\u00a0informou que atendeu uma queda de motocicleta, seguida de atropelamento. A ocorr\u00eancia envolveu um Fiat Palio preto (1 v\u00edtima ilesa), uma carreta (1 v\u00edtima ilesa) e uma motocicleta (2 v\u00edtimas fatais).<\/p>\n<p style=\"text-align: justify;\">A concession\u00e1ria foi acionada por volta da 1h19. A faixa da esquerda ficou interditada at\u00e9 por volta das 6h30. A faixa da direita tamb\u00e9m foi interditada por volta 5h50 at\u00e9 \u00e0s 6h30, com o fluxo desviado para o acostamento. Houve pico de 24 quil\u00f4metros de congestionamento por volta das 6h35.<\/p>\n<p>Veja V\u00eddeo: https:\/\/twitter.com\/i\/status\/1437352492984066052<\/p>\n<p style=\"text-align: justify;\">Fonte: https:\/\/mobilidadesampa.com.br\/<\/p>\n<p style=\"text-align: justify;\">Ao amigo Valmir Jorge, familiares e amigos, a solidariedade do Site JZ, neste dif\u00edcil momento. For\u00e7a e F\u00e9. Abra\u00e7os.<\/p>\n<p style=\"text-align: justify;\">Jorge Zanoni<\/p>\n<p style=\"text-align: justify;\">\n<p style=\"text-align: justify;\">.<\/p>\n<\/div>\n<\/article>\n<\/div>\n<\/div>\n<\/div>\n<\/div>\n<\/div>\n<\/div>\n<div id=\"fb-root\" style=\"text-align: justify;\"><\/div>\n<div style=\"text-align: justify;\"><\/div>\n<div class=\"td-container\"><\/div>\n","protected":false},"excerpt":{"rendered":"<p>Acidente bloqueia parcialmente rodovia R\u00e9gis Bittencourt em Embu das Artes. Uma das v\u00edtimas fatais \u00e9 Rick Giorgio Lee Pereira, filho do radialista Valmir Jorge. O Vel\u00f3rio ocorre a partir das 13:00 Horas no Cemit\u00e9rio da Paz, Parque Pinheiros em Tabo\u00e3o da Serra. O Sepultamento deve ocorrer ainda hoje naquela cidade. Um acidente foi registrado no [&hellip;]<\/p>\n","protected":false},"author":1,"featured_media":53720,"comment_status":"closed","ping_status":"open","sticky":false,"template":"","format":"standard","meta":{"footnotes":""},"categories":[170,110],"tags":[],"class_list":["post-53716","post","type-post","status-publish","format-standard","has-post-thumbnail","hentry","category-acidentes","category-noticiasdestaque"],"_links":{"self":[{"href":"https:\/\/jorgezanoni.com.br\/2019\/wp-json\/wp\/v2\/posts\/53716","targetHints":{"allow":["GET"]}}],"collection":[{"href":"https:\/\/jorgezanoni.com.br\/2019\/wp-json\/wp\/v2\/posts"}],"about":[{"href":"https:\/\/jorgezanoni.com.br\/2019\/wp-json\/wp\/v2\/types\/post"}],"author":[{"embeddable":true,"href":"https:\/\/jorgezanoni.com.br\/2019\/wp-json\/wp\/v2\/users\/1"}],"replies":[{"embeddable":true,"href":"https:\/\/jorgezanoni.com.br\/2019\/wp-json\/wp\/v2\/comments?post=53716"}],"version-history":[{"count":0,"href":"https:\/\/jorgezanoni.com.br\/2019\/wp-json\/wp\/v2\/posts\/53716\/revisions"}],"wp:featuredmedia":[{"embeddable":true,"href":"https:\/\/jorgezanoni.com.br\/2019\/wp-json\/wp\/v2\/media\/53720"}],"wp:attachment":[{"href":"https:\/\/jorgezanoni.com.br\/2019\/wp-json\/wp\/v2\/media?parent=53716"}],"wp:term":[{"taxonomy":"category","embeddable":true,"href":"https:\/\/jorgezanoni.com.br\/2019\/wp-json\/wp\/v2\/categories?post=53716"},{"taxonomy":"post_tag","embeddable":true,"href":"https:\/\/jorgezanoni.com.br\/2019\/wp-json\/wp\/v2\/tags?post=53716"}],"curies":[{"name":"wp","href":"https:\/\/api.w.org\/{rel}","templated":true}]}}