{"id":53711,"date":"2021-09-13T15:15:14","date_gmt":"2021-09-13T15:15:14","guid":{"rendered":"https:\/\/jorgezanoni.com.br\/2019\/?p=53711"},"modified":"2021-09-13T17:42:54","modified_gmt":"2021-09-13T17:42:54","slug":"morre-valdir-pereira-lima-ex-funcionario-do-raio-x-da-santa-casa-de-dracena","status":"publish","type":"post","link":"https:\/\/jorgezanoni.com.br\/2019\/morre-valdir-pereira-lima-ex-funcionario-do-raio-x-da-santa-casa-de-dracena\/","title":{"rendered":"Morre Valdir Pereira Lima ex-funcion\u00e1rio do Raio-X da Santa Casa de Dracena"},"content":{"rendered":"<p style=\"text-align: justify;\">Comunicamos com pesar o falecimento de Valdir Pereira Lima (Valdir Poeira) de 68 anos. Ele estava em tratamento da Covid e n\u00e3o resistiu vindo a \u00f3bito.<\/p>\n<p style=\"text-align: justify;\">Valdir trabalhou no Raio-X da Santa Casa de Dracena, foi membro da diretoria do Sindicato da Sa\u00fade e Juiz Classista da Vara do Trabalho (Junta de Concilia\u00e7\u00e3o e Julgamento). Era morador do Parque Dracena.<\/p>\n<p style=\"text-align: justify;\">Deixa a esposa Edilma, filhas, demais familiares e amigos.<\/p>\n<div class=\"kvgmc6g5 cxmmr5t8 oygrvhab hcukyx3x c1et5uql ii04i59q\" style=\"text-align: justify;\"><\/div>\n<div class=\"o9v6fnle cxmmr5t8 oygrvhab hcukyx3x c1et5uql ii04i59q\">\n<div dir=\"auto\" style=\"text-align: justify;\">O Site JZ se solidariza com a familia e amigos neste dif\u00edcil momento.<\/div>\n<div dir=\"auto\" style=\"text-align: justify;\"><\/div>\n<div dir=\"auto\" style=\"text-align: justify;\">Jorge Zanoni<\/div>\n<div dir=\"auto\"><\/div>\n<\/div>\n<div dir=\"auto\"><img loading=\"lazy\" decoding=\"async\" class=\"alignnone size-full wp-image-53713\" src=\"https:\/\/jorgezanoni.com.br\/2019\/wp-content\/uploads\/2021\/09\/Valdir-Pereira-Lima-2.jpg\" alt=\"\" width=\"601\" height=\"808\" srcset=\"https:\/\/jorgezanoni.com.br\/2019\/wp-content\/uploads\/2021\/09\/Valdir-Pereira-Lima-2.jpg 601w, https:\/\/jorgezanoni.com.br\/2019\/wp-content\/uploads\/2021\/09\/Valdir-Pereira-Lima-2-223x300.jpg 223w, https:\/\/jorgezanoni.com.br\/2019\/wp-content\/uploads\/2021\/09\/Valdir-Pereira-Lima-2-312x420.jpg 312w\" sizes=\"auto, (max-width: 601px) 100vw, 601px\" \/><\/div>\n","protected":false},"excerpt":{"rendered":"<p>Comunicamos com pesar o falecimento de Valdir Pereira Lima (Valdir Poeira) de 68 anos. Ele estava em tratamento da Covid e n\u00e3o resistiu vindo a \u00f3bito. Valdir trabalhou no Raio-X da Santa Casa de Dracena, foi membro da diretoria do Sindicato da Sa\u00fade e Juiz Classista da Vara do Trabalho (Junta de Concilia\u00e7\u00e3o e Julgamento). [&hellip;]<\/p>\n","protected":false},"author":1,"featured_media":53712,"comment_status":"closed","ping_status":"open","sticky":false,"template":"","format":"standard","meta":{"footnotes":""},"categories":[178,110],"tags":[],"class_list":["post-53711","post","type-post","status-publish","format-standard","has-post-thumbnail","hentry","category-notadefalecimento","category-noticiasdestaque"],"_links":{"self":[{"href":"https:\/\/jorgezanoni.com.br\/2019\/wp-json\/wp\/v2\/posts\/53711","targetHints":{"allow":["GET"]}}],"collection":[{"href":"https:\/\/jorgezanoni.com.br\/2019\/wp-json\/wp\/v2\/posts"}],"about":[{"href":"https:\/\/jorgezanoni.com.br\/2019\/wp-json\/wp\/v2\/types\/post"}],"author":[{"embeddable":true,"href":"https:\/\/jorgezanoni.com.br\/2019\/wp-json\/wp\/v2\/users\/1"}],"replies":[{"embeddable":true,"href":"https:\/\/jorgezanoni.com.br\/2019\/wp-json\/wp\/v2\/comments?post=53711"}],"version-history":[{"count":0,"href":"https:\/\/jorgezanoni.com.br\/2019\/wp-json\/wp\/v2\/posts\/53711\/revisions"}],"wp:featuredmedia":[{"embeddable":true,"href":"https:\/\/jorgezanoni.com.br\/2019\/wp-json\/wp\/v2\/media\/53712"}],"wp:attachment":[{"href":"https:\/\/jorgezanoni.com.br\/2019\/wp-json\/wp\/v2\/media?parent=53711"}],"wp:term":[{"taxonomy":"category","embeddable":true,"href":"https:\/\/jorgezanoni.com.br\/2019\/wp-json\/wp\/v2\/categories?post=53711"},{"taxonomy":"post_tag","embeddable":true,"href":"https:\/\/jorgezanoni.com.br\/2019\/wp-json\/wp\/v2\/tags?post=53711"}],"curies":[{"name":"wp","href":"https:\/\/api.w.org\/{rel}","templated":true}]}}