{"id":53667,"date":"2021-09-12T02:51:43","date_gmt":"2021-09-12T02:51:43","guid":{"rendered":"https:\/\/jorgezanoni.com.br\/2019\/?p=53667"},"modified":"2021-09-12T02:51:43","modified_gmt":"2021-09-12T02:51:43","slug":"secretaria-de-educacao-de-dracena-testa-positivo-para-covid-19-2","status":"publish","type":"post","link":"https:\/\/jorgezanoni.com.br\/2019\/secretaria-de-educacao-de-dracena-testa-positivo-para-covid-19-2\/","title":{"rendered":"Secret\u00e1ria de Educa\u00e7\u00e3o de Dracena testa positivo para Covid-19"},"content":{"rendered":"<div style=\"text-align: justify;\">A secret\u00e1ria de Educa\u00e7\u00e3o Juliana Corr\u00eaa, de Dracena testou positivo para a covid 19 ontem, 10\/09. Juliana continuar\u00e1 respondendo pela fun\u00e7\u00e3o, em sistema home office.<br \/>\nEla informou que a Secretaria de Educa\u00e7\u00e3o passa hoje por sanitiza\u00e7\u00e3o e, retornar\u00e1 o atendimento normal ao p\u00fablico na segunda-feira.<br \/>\nA atribui\u00e7\u00e3o de aulas que ocorreria ontem dever\u00e1 ser na semana que vem.<\/div>\n<div><\/div>\n<div>Fonte: Diretoria de Comunica\u00e7\u00e3o<\/div>\n<p>&nbsp;<\/p>\n","protected":false},"excerpt":{"rendered":"<p>A secret\u00e1ria de Educa\u00e7\u00e3o Juliana Corr\u00eaa, de Dracena testou positivo para a covid 19 ontem, 10\/09. Juliana continuar\u00e1 respondendo pela fun\u00e7\u00e3o, em sistema home office. Ela informou que a Secretaria de Educa\u00e7\u00e3o passa hoje por sanitiza\u00e7\u00e3o e, retornar\u00e1 o atendimento normal ao p\u00fablico na segunda-feira. A atribui\u00e7\u00e3o de aulas que ocorreria ontem dever\u00e1 ser na [&hellip;]<\/p>\n","protected":false},"author":1,"featured_media":53668,"comment_status":"closed","ping_status":"open","sticky":false,"template":"","format":"standard","meta":{"footnotes":""},"categories":[110,122],"tags":[],"class_list":["post-53667","post","type-post","status-publish","format-standard","has-post-thumbnail","hentry","category-noticiasdestaque","category-saudeeducacaoeconcurso"],"_links":{"self":[{"href":"https:\/\/jorgezanoni.com.br\/2019\/wp-json\/wp\/v2\/posts\/53667","targetHints":{"allow":["GET"]}}],"collection":[{"href":"https:\/\/jorgezanoni.com.br\/2019\/wp-json\/wp\/v2\/posts"}],"about":[{"href":"https:\/\/jorgezanoni.com.br\/2019\/wp-json\/wp\/v2\/types\/post"}],"author":[{"embeddable":true,"href":"https:\/\/jorgezanoni.com.br\/2019\/wp-json\/wp\/v2\/users\/1"}],"replies":[{"embeddable":true,"href":"https:\/\/jorgezanoni.com.br\/2019\/wp-json\/wp\/v2\/comments?post=53667"}],"version-history":[{"count":0,"href":"https:\/\/jorgezanoni.com.br\/2019\/wp-json\/wp\/v2\/posts\/53667\/revisions"}],"wp:featuredmedia":[{"embeddable":true,"href":"https:\/\/jorgezanoni.com.br\/2019\/wp-json\/wp\/v2\/media\/53668"}],"wp:attachment":[{"href":"https:\/\/jorgezanoni.com.br\/2019\/wp-json\/wp\/v2\/media?parent=53667"}],"wp:term":[{"taxonomy":"category","embeddable":true,"href":"https:\/\/jorgezanoni.com.br\/2019\/wp-json\/wp\/v2\/categories?post=53667"},{"taxonomy":"post_tag","embeddable":true,"href":"https:\/\/jorgezanoni.com.br\/2019\/wp-json\/wp\/v2\/tags?post=53667"}],"curies":[{"name":"wp","href":"https:\/\/api.w.org\/{rel}","templated":true}]}}