{"id":53664,"date":"2021-09-12T02:37:23","date_gmt":"2021-09-12T02:37:23","guid":{"rendered":"https:\/\/jorgezanoni.com.br\/2019\/?p=53664"},"modified":"2021-09-12T02:37:24","modified_gmt":"2021-09-12T02:37:24","slug":"policiais-militares-do-canil-setorial-do-25o-bpm-i-sao-eleitos-policiais-militares-do-mes-de-agosto","status":"publish","type":"post","link":"https:\/\/jorgezanoni.com.br\/2019\/policiais-militares-do-canil-setorial-do-25o-bpm-i-sao-eleitos-policiais-militares-do-mes-de-agosto\/","title":{"rendered":"Policiais Militares do Canil Setorial do 25\u00ba BPM\/I s\u00e3o eleitos Policiais Militares do m\u00eas de agosto"},"content":{"rendered":"<p style=\"text-align: justify;\">O Sd PM Maysa e o Sd PM Mois\u00e9s foram escolhidos &#8220;PM do m\u00eas de agosto de 2021\u201d, em reconhecimento ao excelente trabalho desempenhado, destacando-se no cumprimento de suas miss\u00f5es e pelo servi\u00e7o prestado aos cidad\u00e3os, atuando no Canil Setorial de Panorama\/SP, realizando suas fun\u00e7\u00f5es com afinco e extremo comprometimento. Profissionais proativos e volunt\u00e1rios, todas as vezes que solicitam seus servi\u00e7os, se prontificam. Salienta-se que, no dia 18 de agosto, apoiaram na pris\u00e3o em flagrante de 02 (dois) indiv\u00edduos durante atendimento de ocorr\u00eancia de tr\u00e1fico de entorpecentes. A atua\u00e7\u00e3o dos policiais foi fundamental para a localiza\u00e7\u00e3o e apreens\u00e3o de 4,287Kg de maconha, 0,33g de crack, 0,160g de coca\u00edna e 02 (duas) balan\u00e7as de precis\u00e3o. Tamb\u00e9m no dia 23 de agosto foram informados de um mandado de pris\u00e3o em desfavor de um indiv\u00edduo, iniciaram dilig\u00eancias, sendo o indiv\u00edduo abordado e preso. J\u00e1 no dia 25 de agosto, durante abordagem veicular, localizaram e capturaram outro indiv\u00edduo procurado da Justi\u00e7a. Cabe ressaltar que, ainda na mesma data, os policiais militares, durante abordagem veicular, obtiveram \u00eaxito em localizar no interior de um ve\u00edculo Fiat\/Palio Weekend, 01 (uma) espingarda e 12 (doze) muni\u00e7\u00f5es intactas de calibre.38. Diante dos fatos acima descritos, os policiais se mostraram dedicados \u00e0 causa p\u00fablica e com apurado tiroc\u00ednio policial, restabelecendo a sensa\u00e7\u00e3o de seguran\u00e7a \u00e0 popula\u00e7\u00e3o, os policiais s\u00e3o merecedores de tal reconhecimento, pois \u00e9 evidente o comprometimento com o alcance das metas estipuladas pelo comando, a presteza em bem servir a popula\u00e7\u00e3o, o not\u00f3rio amor \u00e0 profiss\u00e3o e o interesse pelo servi\u00e7o policial, al\u00e9m do devotamento para garantia da seguran\u00e7a da popula\u00e7\u00e3o local.<\/p>\n<p>Fonte: Com. Social Pol\u00edcia Millitar<\/p>\n","protected":false},"excerpt":{"rendered":"<p>O Sd PM Maysa e o Sd PM Mois\u00e9s foram escolhidos &#8220;PM do m\u00eas de agosto de 2021\u201d, em reconhecimento ao excelente trabalho desempenhado, destacando-se no cumprimento de suas miss\u00f5es e pelo servi\u00e7o prestado aos cidad\u00e3os, atuando no Canil Setorial de Panorama\/SP, realizando suas fun\u00e7\u00f5es com afinco e extremo comprometimento. Profissionais proativos e volunt\u00e1rios, todas [&hellip;]<\/p>\n","protected":false},"author":1,"featured_media":53665,"comment_status":"closed","ping_status":"open","sticky":false,"template":"","format":"standard","meta":{"footnotes":""},"categories":[110,2],"tags":[],"class_list":["post-53664","post","type-post","status-publish","format-standard","has-post-thumbnail","hentry","category-noticiasdestaque","category-policial"],"_links":{"self":[{"href":"https:\/\/jorgezanoni.com.br\/2019\/wp-json\/wp\/v2\/posts\/53664","targetHints":{"allow":["GET"]}}],"collection":[{"href":"https:\/\/jorgezanoni.com.br\/2019\/wp-json\/wp\/v2\/posts"}],"about":[{"href":"https:\/\/jorgezanoni.com.br\/2019\/wp-json\/wp\/v2\/types\/post"}],"author":[{"embeddable":true,"href":"https:\/\/jorgezanoni.com.br\/2019\/wp-json\/wp\/v2\/users\/1"}],"replies":[{"embeddable":true,"href":"https:\/\/jorgezanoni.com.br\/2019\/wp-json\/wp\/v2\/comments?post=53664"}],"version-history":[{"count":0,"href":"https:\/\/jorgezanoni.com.br\/2019\/wp-json\/wp\/v2\/posts\/53664\/revisions"}],"wp:featuredmedia":[{"embeddable":true,"href":"https:\/\/jorgezanoni.com.br\/2019\/wp-json\/wp\/v2\/media\/53665"}],"wp:attachment":[{"href":"https:\/\/jorgezanoni.com.br\/2019\/wp-json\/wp\/v2\/media?parent=53664"}],"wp:term":[{"taxonomy":"category","embeddable":true,"href":"https:\/\/jorgezanoni.com.br\/2019\/wp-json\/wp\/v2\/categories?post=53664"},{"taxonomy":"post_tag","embeddable":true,"href":"https:\/\/jorgezanoni.com.br\/2019\/wp-json\/wp\/v2\/tags?post=53664"}],"curies":[{"name":"wp","href":"https:\/\/api.w.org\/{rel}","templated":true}]}}