{"id":53547,"date":"2021-09-09T17:36:23","date_gmt":"2021-09-09T17:36:23","guid":{"rendered":"https:\/\/jorgezanoni.com.br\/2019\/?p=53547"},"modified":"2021-09-09T17:41:00","modified_gmt":"2021-09-09T17:41:00","slug":"morre-a-senhora-vilma-pinotti-rodrigues-antiga-moradora-de-dracena","status":"publish","type":"post","link":"https:\/\/jorgezanoni.com.br\/2019\/morre-a-senhora-vilma-pinotti-rodrigues-antiga-moradora-de-dracena\/","title":{"rendered":"Morre a senhora Vilma Pinotti Rodrigues, antiga moradora de Dracena"},"content":{"rendered":"<p style=\"text-align: justify;\">Comunicamos com pesar o falecimento da senhora Vilma Pinotti Rodrigues de 92 anos. Ela estava em internada em Hospital de Ribeir\u00e3o Preto onde reside atualmente e teve uma Fibrose Pulmonar, n\u00e3o resistindo e vindo a \u00f3bito.<\/p>\n<p>Morou por muitos anos na Rua Dom Pedro, pr\u00f3ximo da Avenida dos Expedicion\u00e1rios.<\/p>\n<p style=\"text-align: justify;\">Era vi\u00fava do sr. Joaquim Rodrigues (taxista), m\u00e3e do Artur Nat\u00e1lio Rodrigues da Ga\u00facha Cal\u00e7ados. Deixa tamb\u00e9m a nora Marisa Zanetti, netos, bisnetos, demais familiares e amigos.<\/p>\n<p style=\"text-align: justify;\">O Vel\u00f3rio acontece amanh\u00e3 (10) das 07 \u00e0s 09 Hs. no Cemiterio Bom Pastore de Ribeir\u00e3o Preto, onde ocorre o\u00a0 Sepultamento.<\/p>\n<p style=\"text-align: justify;\">O Site JZ se solidariza com a fam\u00edlia e amigos neste dif\u00edcil momento.<\/p>\n<p style=\"text-align: justify;\">Jorge Zanoni<\/p>\n<p>&nbsp;<\/p>\n","protected":false},"excerpt":{"rendered":"<p>Comunicamos com pesar o falecimento da senhora Vilma Pinotti Rodrigues de 92 anos. Ela estava em internada em Hospital de Ribeir\u00e3o Preto onde reside atualmente e teve uma Fibrose Pulmonar, n\u00e3o resistindo e vindo a \u00f3bito. Morou por muitos anos na Rua Dom Pedro, pr\u00f3ximo da Avenida dos Expedicion\u00e1rios. Era vi\u00fava do sr. Joaquim Rodrigues [&hellip;]<\/p>\n","protected":false},"author":1,"featured_media":53548,"comment_status":"closed","ping_status":"open","sticky":false,"template":"","format":"standard","meta":{"footnotes":""},"categories":[178,110],"tags":[],"class_list":["post-53547","post","type-post","status-publish","format-standard","has-post-thumbnail","hentry","category-notadefalecimento","category-noticiasdestaque"],"_links":{"self":[{"href":"https:\/\/jorgezanoni.com.br\/2019\/wp-json\/wp\/v2\/posts\/53547","targetHints":{"allow":["GET"]}}],"collection":[{"href":"https:\/\/jorgezanoni.com.br\/2019\/wp-json\/wp\/v2\/posts"}],"about":[{"href":"https:\/\/jorgezanoni.com.br\/2019\/wp-json\/wp\/v2\/types\/post"}],"author":[{"embeddable":true,"href":"https:\/\/jorgezanoni.com.br\/2019\/wp-json\/wp\/v2\/users\/1"}],"replies":[{"embeddable":true,"href":"https:\/\/jorgezanoni.com.br\/2019\/wp-json\/wp\/v2\/comments?post=53547"}],"version-history":[{"count":0,"href":"https:\/\/jorgezanoni.com.br\/2019\/wp-json\/wp\/v2\/posts\/53547\/revisions"}],"wp:featuredmedia":[{"embeddable":true,"href":"https:\/\/jorgezanoni.com.br\/2019\/wp-json\/wp\/v2\/media\/53548"}],"wp:attachment":[{"href":"https:\/\/jorgezanoni.com.br\/2019\/wp-json\/wp\/v2\/media?parent=53547"}],"wp:term":[{"taxonomy":"category","embeddable":true,"href":"https:\/\/jorgezanoni.com.br\/2019\/wp-json\/wp\/v2\/categories?post=53547"},{"taxonomy":"post_tag","embeddable":true,"href":"https:\/\/jorgezanoni.com.br\/2019\/wp-json\/wp\/v2\/tags?post=53547"}],"curies":[{"name":"wp","href":"https:\/\/api.w.org\/{rel}","templated":true}]}}