{"id":53540,"date":"2021-09-09T16:41:26","date_gmt":"2021-09-09T16:41:26","guid":{"rendered":"https:\/\/jorgezanoni.com.br\/2019\/?p=53540"},"modified":"2021-09-09T16:41:26","modified_gmt":"2021-09-09T16:41:26","slug":"advogados-criminalistas-alcancam-sucesso-que-resulta-na-absolvicao-de-homem-em-panorama","status":"publish","type":"post","link":"https:\/\/jorgezanoni.com.br\/2019\/advogados-criminalistas-alcancam-sucesso-que-resulta-na-absolvicao-de-homem-em-panorama\/","title":{"rendered":"Advogados Criminalistas alcan\u00e7am sucesso que resulta na absolvi\u00e7\u00e3o de homem em Panorama"},"content":{"rendered":"<p style=\"text-align: justify;\"><strong>Homem era acusado pelo crime de Homic\u00eddio Tentado.<\/strong><\/p>\n<p style=\"text-align: justify;\">Na data de ontem (08\/09\/2021) foram retomados as sess\u00f5es de julgamento do Tribunal do J\u00fari da Comarca de Panorama, ap\u00f3s adotadas todas as medidas sanit\u00e1rias de preven\u00e7\u00e3o da pandemia COVID-19.<\/p>\n<p style=\"text-align: justify;\">Durante todo o dia procedeu-se o julgamento com as oitivas da v\u00edtima, testemunhas e r\u00e9u, e ap\u00f3s os debates de acusa\u00e7\u00e3o promovido pelo Promotor de Justi\u00e7a Dr. Rufino Eduardo Galindo Campos e da banca de defesa composta pelos Advogados Criminalistas Dr. Ricardo dos Santos (\u00e0 esquerda da foto) e o Dr. Iago Inael dos Santos, o conselho de senten\u00e7a composto por 7 pessoas da sociedade, por unanimidade absolveu o r\u00e9u B.A.S da acusa\u00e7\u00e3o do crime de homic\u00eddio tentado.<\/p>\n<p style=\"text-align: justify;\">O r\u00e9u que estava preso preventivamente a mais tr\u00eas de (3) anos, foi colocado em liberdade. Ap\u00f3s a audi\u00eancia foi concedido alvar\u00e1 de soltura e o acusado encontra-se livre para recome\u00e7ar a sua vida.<\/p>\n<p>Divulga\u00e7\u00e3o<\/p>\n","protected":false},"excerpt":{"rendered":"<p>Homem era acusado pelo crime de Homic\u00eddio Tentado. Na data de ontem (08\/09\/2021) foram retomados as sess\u00f5es de julgamento do Tribunal do J\u00fari da Comarca de Panorama, ap\u00f3s adotadas todas as medidas sanit\u00e1rias de preven\u00e7\u00e3o da pandemia COVID-19. Durante todo o dia procedeu-se o julgamento com as oitivas da v\u00edtima, testemunhas e r\u00e9u, e ap\u00f3s [&hellip;]<\/p>\n","protected":false},"author":1,"featured_media":53541,"comment_status":"closed","ping_status":"open","sticky":false,"template":"","format":"standard","meta":{"footnotes":""},"categories":[120,110],"tags":[],"class_list":["post-53540","post","type-post","status-publish","format-standard","has-post-thumbnail","hentry","category-justicahabitacaotecnologia","category-noticiasdestaque"],"_links":{"self":[{"href":"https:\/\/jorgezanoni.com.br\/2019\/wp-json\/wp\/v2\/posts\/53540","targetHints":{"allow":["GET"]}}],"collection":[{"href":"https:\/\/jorgezanoni.com.br\/2019\/wp-json\/wp\/v2\/posts"}],"about":[{"href":"https:\/\/jorgezanoni.com.br\/2019\/wp-json\/wp\/v2\/types\/post"}],"author":[{"embeddable":true,"href":"https:\/\/jorgezanoni.com.br\/2019\/wp-json\/wp\/v2\/users\/1"}],"replies":[{"embeddable":true,"href":"https:\/\/jorgezanoni.com.br\/2019\/wp-json\/wp\/v2\/comments?post=53540"}],"version-history":[{"count":0,"href":"https:\/\/jorgezanoni.com.br\/2019\/wp-json\/wp\/v2\/posts\/53540\/revisions"}],"wp:featuredmedia":[{"embeddable":true,"href":"https:\/\/jorgezanoni.com.br\/2019\/wp-json\/wp\/v2\/media\/53541"}],"wp:attachment":[{"href":"https:\/\/jorgezanoni.com.br\/2019\/wp-json\/wp\/v2\/media?parent=53540"}],"wp:term":[{"taxonomy":"category","embeddable":true,"href":"https:\/\/jorgezanoni.com.br\/2019\/wp-json\/wp\/v2\/categories?post=53540"},{"taxonomy":"post_tag","embeddable":true,"href":"https:\/\/jorgezanoni.com.br\/2019\/wp-json\/wp\/v2\/tags?post=53540"}],"curies":[{"name":"wp","href":"https:\/\/api.w.org\/{rel}","templated":true}]}}