{"id":53537,"date":"2021-09-09T16:09:32","date_gmt":"2021-09-09T16:09:32","guid":{"rendered":"https:\/\/jorgezanoni.com.br\/2019\/?p=53537"},"modified":"2021-09-09T16:09:32","modified_gmt":"2021-09-09T16:09:32","slug":"policia-militar-prende-homem-por-furto-de-capacetes-em-junqueiropolis-sendo-todos-devolvidos-aos-seus-proprietarios","status":"publish","type":"post","link":"https:\/\/jorgezanoni.com.br\/2019\/policia-militar-prende-homem-por-furto-de-capacetes-em-junqueiropolis-sendo-todos-devolvidos-aos-seus-proprietarios\/","title":{"rendered":"Pol\u00edcia Militar prende homem por furto de Capacetes em Junqueir\u00f3polis, sendo todos devolvidos aos seus propriet\u00e1rios"},"content":{"rendered":"<p style=\"text-align: justify;\"><strong>POL\u00cdCIA MILITAR EM JUNQUEIR\u00d3POLIS PRENDE HOMEM POR FURTO DE CAPACETES SENDO TODOS DEVOLVIDOS AOS SEUS PRORIET\u00c1RIOS.<\/strong><\/p>\n<p style=\"text-align: justify;\">Na data de hoje (08) por volta das 15h20min a Pol\u00edcia Militar em Junqueir\u00f3polis foi acionada para ocorr\u00eancia irradiada pelo COPOM como furto em andamento pr\u00f3ximo parque ecol\u00f3gico. Ao chegar no local foi avistado um indiv\u00edduo (homem 36 anos) caminhando pr\u00f3ximo a linha f\u00e9rrea levando tr\u00eas capacetes sendo dois nas m\u00e3os e um na cabe\u00e7a. Ao ser abordado e indagado sobre a origem dos capacetes o mesmo informou que pegou de tr\u00eas motos que estavam estacionadas pr\u00f3ximas a um supermercado. A equipe policial ao chegar no endere\u00e7o onde as motos estavam estacionadas os propriet\u00e1rios j\u00e1 estavam no local e reconheceram os capacetes como de propriedade deles. Foi dada voz de pris\u00e3o em flagrante delito pelo crime de furto permanecendo o autor preso \u00e0 disposi\u00e7\u00e3o da Justi\u00e7a.<\/p>\n<p style=\"text-align: justify;\">\n#25bpmi<br \/>\n#cpi8<br \/>\n#POLICIAMILITARSP<br \/>\n#AFOR\u00c7AP\u00daBLICADES\u00c3OPAULO<br \/>\nComunica\u00e7\u00e3o Social do 25BPMI e regi\u00e3o<\/p>\n","protected":false},"excerpt":{"rendered":"<p>POL\u00cdCIA MILITAR EM JUNQUEIR\u00d3POLIS PRENDE HOMEM POR FURTO DE CAPACETES SENDO TODOS DEVOLVIDOS AOS SEUS PRORIET\u00c1RIOS. Na data de hoje (08) por volta das 15h20min a Pol\u00edcia Militar em Junqueir\u00f3polis foi acionada para ocorr\u00eancia irradiada pelo COPOM como furto em andamento pr\u00f3ximo parque ecol\u00f3gico. Ao chegar no local foi avistado um indiv\u00edduo (homem 36 anos) [&hellip;]<\/p>\n","protected":false},"author":1,"featured_media":53538,"comment_status":"closed","ping_status":"open","sticky":false,"template":"","format":"standard","meta":{"footnotes":""},"categories":[110,2],"tags":[],"class_list":["post-53537","post","type-post","status-publish","format-standard","has-post-thumbnail","hentry","category-noticiasdestaque","category-policial"],"_links":{"self":[{"href":"https:\/\/jorgezanoni.com.br\/2019\/wp-json\/wp\/v2\/posts\/53537","targetHints":{"allow":["GET"]}}],"collection":[{"href":"https:\/\/jorgezanoni.com.br\/2019\/wp-json\/wp\/v2\/posts"}],"about":[{"href":"https:\/\/jorgezanoni.com.br\/2019\/wp-json\/wp\/v2\/types\/post"}],"author":[{"embeddable":true,"href":"https:\/\/jorgezanoni.com.br\/2019\/wp-json\/wp\/v2\/users\/1"}],"replies":[{"embeddable":true,"href":"https:\/\/jorgezanoni.com.br\/2019\/wp-json\/wp\/v2\/comments?post=53537"}],"version-history":[{"count":0,"href":"https:\/\/jorgezanoni.com.br\/2019\/wp-json\/wp\/v2\/posts\/53537\/revisions"}],"wp:featuredmedia":[{"embeddable":true,"href":"https:\/\/jorgezanoni.com.br\/2019\/wp-json\/wp\/v2\/media\/53538"}],"wp:attachment":[{"href":"https:\/\/jorgezanoni.com.br\/2019\/wp-json\/wp\/v2\/media?parent=53537"}],"wp:term":[{"taxonomy":"category","embeddable":true,"href":"https:\/\/jorgezanoni.com.br\/2019\/wp-json\/wp\/v2\/categories?post=53537"},{"taxonomy":"post_tag","embeddable":true,"href":"https:\/\/jorgezanoni.com.br\/2019\/wp-json\/wp\/v2\/tags?post=53537"}],"curies":[{"name":"wp","href":"https:\/\/api.w.org\/{rel}","templated":true}]}}