{"id":53529,"date":"2021-09-09T14:24:47","date_gmt":"2021-09-09T14:24:47","guid":{"rendered":"https:\/\/jorgezanoni.com.br\/2019\/?p=53529"},"modified":"2021-09-09T14:24:47","modified_gmt":"2021-09-09T14:24:47","slug":"inscricoes-abertas-para-o-vestibulinho-do-colegio-anglo-cid","status":"publish","type":"post","link":"https:\/\/jorgezanoni.com.br\/2019\/inscricoes-abertas-para-o-vestibulinho-do-colegio-anglo-cid\/","title":{"rendered":"Inscri\u00e7\u00f5es abertas para o Vestibulinho do Col\u00e9gio Anglo-CID"},"content":{"rendered":"<p style=\"text-align: justify;\"><strong><span style=\"font-size: large;\"><i>As vagas s\u00e3o para o 6\u00ba ano do Ensino Fundamental (2022).<\/i><\/span><\/strong><\/p>\n<p><span style=\"font-size: large;\">At\u00e9 o dia 24 de setembro, os alunos matriculados no 5\u00ba ano do ensino fundamental de escola p\u00fablica e particular podem se inscrever para o Vestibulinho do Col\u00e9gio Anglo-CID. A participa\u00e7\u00e3o \u00e9 gratuita e os primeiros classificados recebem bolsa de estudo. As inscri\u00e7\u00f5es devem ser feitas exclusivamente pelo site\u00a0<a href=\"http:\/\/www.fundec.edu.br\/anglocid\" target=\"_blank\" rel=\"noopener noreferrer\">www.fundec.edu.br\/anglocid<\/a>\u00a0. A prova ser\u00e1 realizada no dia 30 de setembro, \u00e0s 14h, no pr\u00f3prio col\u00e9gio.<\/span><\/p>\n<p><span style=\"font-size: large;\">Eul\u00e1lia Pires Fava, diretora do Anglo-CID, ressalta que &#8220;estamos oferecendo quatro bolsas, sendo duas para alunos de escolas p\u00fablicas (50% e 35%) e duas para alunos de escolas particulares (50% e 35%). Esse \u00e9 um benef\u00edcio que pode se estender at\u00e9 o 9\u00ba ano do Ensino Fundamental, conforme o desempenho escolar e o comportamento\/comprometimento do aluno&#8221;, finaliza.<\/span><\/p>\n<p><span style=\"font-size: large;\">Esse Vestibulinho vai avaliar os candidatos com base no conte\u00fado abordado no Ensino Fundamental I e a prova ter\u00e1 quest\u00f5es de Matem\u00e1tica, L\u00edngua Portuguesa, Hist\u00f3ria, Geografia e Ci\u00eancias. O resultado ser\u00e1 divulgado no dia 4 de outubro.<\/span><\/p>\n<p><span style=\"font-size: large;\">Lembramos que os candidatos devem trazer o comprovante de inscri\u00e7\u00e3o, l\u00e1pis, borracha e caneta esferogr\u00e1fica azul ou preta, al\u00e9m de seguir alguns protocolos de seguran\u00e7a, tais como: uso obrigat\u00f3rio de m\u00e1scara; trazer \u00e1lcool em gel no estojo; trazer sua garrafinha com \u00e1gua; manter o distanciamento e n\u00e3o compartilhar objetos escolares. Caso o aluno apresente qualquer sintoma que possa ser relacionado \u00e0 Covid-19, n\u00e3o dever\u00e1 vir para a realiza\u00e7\u00e3o da prova.<\/span><\/p>\n<p><span style=\"font-size: large;\"><b>Inscri\u00e7\u00f5es para o Vestibulinho do Col\u00e9gio Anglo-CID<\/b><\/span><br \/>\n<span style=\"font-size: large;\">Vagas para o 6\u00ba ano do Ensino Fundamental (2022)<\/span><br \/>\n<span style=\"font-size: large;\"><b>Acesse<\/b>:\u00a0<a href=\"http:\/\/www.fundec.edu.br\/anglocid\" target=\"_blank\" rel=\"noopener noreferrer\">www.fundec.edu.br\/anglocid<\/a><\/span><\/p>\n<p>Fonte: Departamento de Comunica\u00e7\u00e3o Fundec<\/p>\n","protected":false},"excerpt":{"rendered":"<p>As vagas s\u00e3o para o 6\u00ba ano do Ensino Fundamental (2022). At\u00e9 o dia 24 de setembro, os alunos matriculados no 5\u00ba ano do ensino fundamental de escola p\u00fablica e particular podem se inscrever para o Vestibulinho do Col\u00e9gio Anglo-CID. A participa\u00e7\u00e3o \u00e9 gratuita e os primeiros classificados recebem bolsa de estudo. As inscri\u00e7\u00f5es devem [&hellip;]<\/p>\n","protected":false},"author":1,"featured_media":53530,"comment_status":"closed","ping_status":"open","sticky":false,"template":"","format":"standard","meta":{"footnotes":""},"categories":[110,122],"tags":[],"class_list":["post-53529","post","type-post","status-publish","format-standard","has-post-thumbnail","hentry","category-noticiasdestaque","category-saudeeducacaoeconcurso"],"_links":{"self":[{"href":"https:\/\/jorgezanoni.com.br\/2019\/wp-json\/wp\/v2\/posts\/53529","targetHints":{"allow":["GET"]}}],"collection":[{"href":"https:\/\/jorgezanoni.com.br\/2019\/wp-json\/wp\/v2\/posts"}],"about":[{"href":"https:\/\/jorgezanoni.com.br\/2019\/wp-json\/wp\/v2\/types\/post"}],"author":[{"embeddable":true,"href":"https:\/\/jorgezanoni.com.br\/2019\/wp-json\/wp\/v2\/users\/1"}],"replies":[{"embeddable":true,"href":"https:\/\/jorgezanoni.com.br\/2019\/wp-json\/wp\/v2\/comments?post=53529"}],"version-history":[{"count":0,"href":"https:\/\/jorgezanoni.com.br\/2019\/wp-json\/wp\/v2\/posts\/53529\/revisions"}],"wp:featuredmedia":[{"embeddable":true,"href":"https:\/\/jorgezanoni.com.br\/2019\/wp-json\/wp\/v2\/media\/53530"}],"wp:attachment":[{"href":"https:\/\/jorgezanoni.com.br\/2019\/wp-json\/wp\/v2\/media?parent=53529"}],"wp:term":[{"taxonomy":"category","embeddable":true,"href":"https:\/\/jorgezanoni.com.br\/2019\/wp-json\/wp\/v2\/categories?post=53529"},{"taxonomy":"post_tag","embeddable":true,"href":"https:\/\/jorgezanoni.com.br\/2019\/wp-json\/wp\/v2\/tags?post=53529"}],"curies":[{"name":"wp","href":"https:\/\/api.w.org\/{rel}","templated":true}]}}