{"id":53526,"date":"2021-09-09T14:11:04","date_gmt":"2021-09-09T14:11:04","guid":{"rendered":"https:\/\/jorgezanoni.com.br\/2019\/?p=53526"},"modified":"2021-09-09T14:11:04","modified_gmt":"2021-09-09T14:11:04","slug":"fundec-abre-concurso-publico-para-contratacoes","status":"publish","type":"post","link":"https:\/\/jorgezanoni.com.br\/2019\/fundec-abre-concurso-publico-para-contratacoes\/","title":{"rendered":"Fundec abre concurso p\u00fablico para contrata\u00e7\u00f5es"},"content":{"rendered":"<p style=\"text-align: justify;\"><span style=\"font-size: large;\">A Funda\u00e7\u00e3o Dracenense de Educa\u00e7\u00e3o e Cultura (Fundec) est\u00e1 contratando para vagas administrativas e de doc\u00eancia e abriu inscri\u00e7\u00f5es para o Concurso P\u00fablico 01\/2021. O edital est\u00e1 dispon\u00edvel no link <a href=\"https:\/\/fundec.edu.br\/editais\" target=\"_blank\" rel=\"noopener noreferrer\">https:\/\/fundec.edu.br\/editais<\/a>\u00a0e os interessados devem acessar o bot\u00e3o &#8220;Portal de Inscri\u00e7\u00f5es&#8221; para se candidatar \u00e0s vagas, at\u00e9 o dia 21\/09.<\/span><\/p>\n<p><span style=\"font-size: large;\">Os cargos administrativos s\u00e3o para Analista de Suporte, Assistente de Coordena\u00e7\u00e3o, Motorista, T\u00e9cnico de Laborat\u00f3rio e T\u00e9cnico de Webdesign.<\/span><\/p>\n<p><span style=\"font-size: large;\">Os cargos de doc\u00eancia s\u00e3o para professores do Ensino Fundamental e M\u00e9dio (L\u00edngua Portuguesa) e do Ensino Superior em Medicina (Habilidade Profissional) e em Pedagogia (Gest\u00e3o e Planejamento Educacional).<\/span><\/p>\n<p><span style=\"font-size: large;\">A prova escrita ser\u00e1 realizada no dia 25\/09, \u00e0s 9h, no Col\u00e9gio Anglo-CID. Nos casos necess\u00e1rios, os candidatos classificados ser\u00e3o convocados para as provas pr\u00e1tica e de did\u00e1tica pr\u00e1tica.<\/span><\/p>\n<p><span style=\"font-size: large;\">O resultado da prova escrita ser\u00e1 divulgado no dia 29\/09.<\/span><\/p>\n<p>Fonte: Departamento de Comunica\u00e7\u00e3o da Fundec<\/p>\n<p>&nbsp;<\/p>\n","protected":false},"excerpt":{"rendered":"<p>A Funda\u00e7\u00e3o Dracenense de Educa\u00e7\u00e3o e Cultura (Fundec) est\u00e1 contratando para vagas administrativas e de doc\u00eancia e abriu inscri\u00e7\u00f5es para o Concurso P\u00fablico 01\/2021. O edital est\u00e1 dispon\u00edvel no link https:\/\/fundec.edu.br\/editais\u00a0e os interessados devem acessar o bot\u00e3o &#8220;Portal de Inscri\u00e7\u00f5es&#8221; para se candidatar \u00e0s vagas, at\u00e9 o dia 21\/09. Os cargos administrativos s\u00e3o para Analista [&hellip;]<\/p>\n","protected":false},"author":1,"featured_media":53527,"comment_status":"closed","ping_status":"open","sticky":false,"template":"","format":"standard","meta":{"footnotes":""},"categories":[110,122],"tags":[],"class_list":["post-53526","post","type-post","status-publish","format-standard","has-post-thumbnail","hentry","category-noticiasdestaque","category-saudeeducacaoeconcurso"],"_links":{"self":[{"href":"https:\/\/jorgezanoni.com.br\/2019\/wp-json\/wp\/v2\/posts\/53526","targetHints":{"allow":["GET"]}}],"collection":[{"href":"https:\/\/jorgezanoni.com.br\/2019\/wp-json\/wp\/v2\/posts"}],"about":[{"href":"https:\/\/jorgezanoni.com.br\/2019\/wp-json\/wp\/v2\/types\/post"}],"author":[{"embeddable":true,"href":"https:\/\/jorgezanoni.com.br\/2019\/wp-json\/wp\/v2\/users\/1"}],"replies":[{"embeddable":true,"href":"https:\/\/jorgezanoni.com.br\/2019\/wp-json\/wp\/v2\/comments?post=53526"}],"version-history":[{"count":0,"href":"https:\/\/jorgezanoni.com.br\/2019\/wp-json\/wp\/v2\/posts\/53526\/revisions"}],"wp:featuredmedia":[{"embeddable":true,"href":"https:\/\/jorgezanoni.com.br\/2019\/wp-json\/wp\/v2\/media\/53527"}],"wp:attachment":[{"href":"https:\/\/jorgezanoni.com.br\/2019\/wp-json\/wp\/v2\/media?parent=53526"}],"wp:term":[{"taxonomy":"category","embeddable":true,"href":"https:\/\/jorgezanoni.com.br\/2019\/wp-json\/wp\/v2\/categories?post=53526"},{"taxonomy":"post_tag","embeddable":true,"href":"https:\/\/jorgezanoni.com.br\/2019\/wp-json\/wp\/v2\/tags?post=53526"}],"curies":[{"name":"wp","href":"https:\/\/api.w.org\/{rel}","templated":true}]}}