{"id":53523,"date":"2021-09-09T13:32:46","date_gmt":"2021-09-09T13:32:46","guid":{"rendered":"https:\/\/jorgezanoni.com.br\/2019\/?p=53523"},"modified":"2021-09-09T15:51:55","modified_gmt":"2021-09-09T15:51:55","slug":"secretaria-de-saude-de-dracena-e-exonerada-do-cargo-por-questoes-trabalhistas","status":"publish","type":"post","link":"https:\/\/jorgezanoni.com.br\/2019\/secretaria-de-saude-de-dracena-e-exonerada-do-cargo-por-questoes-trabalhistas\/","title":{"rendered":"Secret\u00e1ria de Sa\u00fade de Dracena \u00e9 exonerada do cargo por quest\u00f5es trabalhistas"},"content":{"rendered":"<p style=\"text-align: justify;\">A Secret\u00e1ria de S\u00e1ude de Dracena, Cl\u00e1udia Mara M. Moreira G. Luginick que havia assumido o cargo no dia 10 de junho de 2021, deixa o cargo por quest\u00f5es trabalhistas.<\/p>\n<p style=\"text-align: justify;\">Segundo informa\u00e7\u00f5es obtidas pela reportagem do Site JZ, ela teria um cargo em licen\u00e7a na Prefeitura de Monte Castelo e n\u00e3o poderia ter assumido a fun\u00e7\u00e3o em Dracena.<\/p>\n<p style=\"text-align: justify;\">Em nota a Diretoria de Comunica\u00e7\u00e3o da Prefeitura de Dracena informa que: &#8220;Houve um problema na esfera trabalhista no afastamento dela junto \u00e0 Prefeitura de Monte Catelo, onde atuava. A situa\u00e7\u00e3o est\u00e1 sendo regularizada por l\u00e1, e assim que estiver tudo ok, ela ser\u00e1 novamente restabelecida ao cargo em Dracena&#8221;.<\/p>\n<p style=\"text-align: justify;\">Enquanto isso n\u00e3o ocorrer, Geni Lobo Pesin, que \u00e9 a secret\u00e1ria adjunta, responde pelo cargo.<\/p>\n<p>Jorge Zanoni<\/p>\n<p>Foto Portal Coren<\/p>\n<h2 class=\"content-head__subtitle\" style=\"text-align: justify;\"><\/h2>\n<div class=\"mc-column content-text active-extra-styles \" style=\"text-align: justify;\" data-block-type=\"unstyled\" data-block-weight=\"27\" data-block-id=\"6\"><\/div>\n<div class=\"mc-column content-text active-extra-styles \" data-block-type=\"unstyled\" data-block-weight=\"39\" data-block-id=\"8\">\n<p class=\"content-text__container \" style=\"text-align: justify;\" data-track-category=\"Link no Texto\" data-track-links=\"\">\n<\/div>\n","protected":false},"excerpt":{"rendered":"<p>A Secret\u00e1ria de S\u00e1ude de Dracena, Cl\u00e1udia Mara M. Moreira G. Luginick que havia assumido o cargo no dia 10 de junho de 2021, deixa o cargo por quest\u00f5es trabalhistas. Segundo informa\u00e7\u00f5es obtidas pela reportagem do Site JZ, ela teria um cargo em licen\u00e7a na Prefeitura de Monte Castelo e n\u00e3o poderia ter assumido a [&hellip;]<\/p>\n","protected":false},"author":1,"featured_media":53524,"comment_status":"closed","ping_status":"open","sticky":false,"template":"","format":"standard","meta":{"footnotes":""},"categories":[110,122],"tags":[],"class_list":["post-53523","post","type-post","status-publish","format-standard","has-post-thumbnail","hentry","category-noticiasdestaque","category-saudeeducacaoeconcurso"],"_links":{"self":[{"href":"https:\/\/jorgezanoni.com.br\/2019\/wp-json\/wp\/v2\/posts\/53523","targetHints":{"allow":["GET"]}}],"collection":[{"href":"https:\/\/jorgezanoni.com.br\/2019\/wp-json\/wp\/v2\/posts"}],"about":[{"href":"https:\/\/jorgezanoni.com.br\/2019\/wp-json\/wp\/v2\/types\/post"}],"author":[{"embeddable":true,"href":"https:\/\/jorgezanoni.com.br\/2019\/wp-json\/wp\/v2\/users\/1"}],"replies":[{"embeddable":true,"href":"https:\/\/jorgezanoni.com.br\/2019\/wp-json\/wp\/v2\/comments?post=53523"}],"version-history":[{"count":0,"href":"https:\/\/jorgezanoni.com.br\/2019\/wp-json\/wp\/v2\/posts\/53523\/revisions"}],"wp:featuredmedia":[{"embeddable":true,"href":"https:\/\/jorgezanoni.com.br\/2019\/wp-json\/wp\/v2\/media\/53524"}],"wp:attachment":[{"href":"https:\/\/jorgezanoni.com.br\/2019\/wp-json\/wp\/v2\/media?parent=53523"}],"wp:term":[{"taxonomy":"category","embeddable":true,"href":"https:\/\/jorgezanoni.com.br\/2019\/wp-json\/wp\/v2\/categories?post=53523"},{"taxonomy":"post_tag","embeddable":true,"href":"https:\/\/jorgezanoni.com.br\/2019\/wp-json\/wp\/v2\/tags?post=53523"}],"curies":[{"name":"wp","href":"https:\/\/api.w.org\/{rel}","templated":true}]}}