{"id":53504,"date":"2021-09-09T00:42:40","date_gmt":"2021-09-09T00:42:40","guid":{"rendered":"https:\/\/jorgezanoni.com.br\/2019\/?p=53504"},"modified":"2021-09-09T00:42:40","modified_gmt":"2021-09-09T00:42:40","slug":"acidente-envolve-tres-veiculos-na-sp-294","status":"publish","type":"post","link":"https:\/\/jorgezanoni.com.br\/2019\/acidente-envolve-tres-veiculos-na-sp-294\/","title":{"rendered":"Acidente envolve tr\u00eas ve\u00edculos na SP-294"},"content":{"rendered":"<p style=\"text-align: justify;\">Um acidente ocorrido na manh\u00e3 desta quarta-feira (8) no km 601+400 metros da Rodovia Comandante Jo\u00e3o Ribeiro de Barros \u2013 (SP-294) pr\u00f3ximo da Fazenda Jacutinga entre Fl\u00f3rida Paulista e Adamantina envolveu tr\u00eas ve\u00edculos e resultou em v\u00edtimas leves.<\/p>\n<p style=\"text-align: justify;\">Uma caminhonete GM S10 seguia nos sentido Adamantina \/ Fl\u00f3rida Paulista quando por motivos desconhecidos perdeu o controle e avan\u00e7ou na canaleta localizada na margem da rodovia e acabou colidindo em um poste dotado de equipamentos de internet.<\/p>\n<p style=\"text-align: justify;\"><a href=\"https:\/\/i2.wp.com\/ifolharegional.com.br\/wp-content\/uploads\/2021\/09\/03-1.jpg?ssl=1\"><img loading=\"lazy\" decoding=\"async\" class=\"aligncenter size-full wp-image-44208\" src=\"https:\/\/i2.wp.com\/ifolharegional.com.br\/wp-content\/uploads\/2021\/09\/03-1.jpg?resize=600%2C399&amp;ssl=1\" sizes=\"auto, (max-width: 600px) 100vw, 600px\" srcset=\"https:\/\/i2.wp.com\/ifolharegional.com.br\/wp-content\/uploads\/2021\/09\/03-1.jpg?w=600&amp;ssl=1 600w, https:\/\/i2.wp.com\/ifolharegional.com.br\/wp-content\/uploads\/2021\/09\/03-1.jpg?resize=300%2C200&amp;ssl=1 300w\" alt=\"\" width=\"600\" height=\"399\" data-attachment-id=\"44208\" data-permalink=\"https:\/\/ifolharegional.com.br\/2021\/09\/08\/acidente-envolve-tres-veiculos-na-sp-294\/03-225\/\" data-orig-file=\"https:\/\/i2.wp.com\/ifolharegional.com.br\/wp-content\/uploads\/2021\/09\/03-1.jpg?fit=600%2C399&amp;ssl=1\" data-orig-size=\"600,399\" data-comments-opened=\"0\" data-image-meta=\"{&quot;aperture&quot;:&quot;22&quot;,&quot;credit&quot;:&quot;&quot;,&quot;camera&quot;:&quot;NIKON D90&quot;,&quot;caption&quot;:&quot;&quot;,&quot;created_timestamp&quot;:&quot;1631008399&quot;,&quot;copyright&quot;:&quot;&quot;,&quot;focal_length&quot;:&quot;40&quot;,&quot;iso&quot;:&quot;2000&quot;,&quot;shutter_speed&quot;:&quot;0.002&quot;,&quot;title&quot;:&quot;&quot;,&quot;orientation&quot;:&quot;1&quot;}\" data-image-title=\"03\" data-image-description=\"\" data-image-caption=\"\" data-medium-file=\"https:\/\/i2.wp.com\/ifolharegional.com.br\/wp-content\/uploads\/2021\/09\/03-1.jpg?fit=300%2C200&amp;ssl=1\" data-large-file=\"https:\/\/i2.wp.com\/ifolharegional.com.br\/wp-content\/uploads\/2021\/09\/03-1.jpg?fit=600%2C399&amp;ssl=1\" \/><\/a><br \/>\nAo perceber o acidente, a condutora de um ve\u00edculo VW Gol reduziu a velocidade, momento em que houve a colis\u00e3o traseira com um GM Spin que tamb\u00e9m seguia na mesma dire\u00e7\u00e3o.<\/p>\n<p style=\"text-align: justify;\">Tanto a caminhonete quanto o Gol t\u00eam placas de Fl\u00f3rida Paulista. J\u00e1 a Spin com placas de Luc\u00e9lia.<br \/>\nSegundo a Pol\u00edcia Rodovi\u00e1ria que atendeu a ocorr\u00eancia, ficaram feridos: o motorista da S10 (leve), a condutora do carro, sua filha (beb\u00ea) e sua m\u00e3e (sem ferimentos aparentes, mas passaram por atendimento m\u00e9dico).<\/p>\n<p style=\"text-align: justify;\"><a href=\"https:\/\/i0.wp.com\/ifolharegional.com.br\/wp-content\/uploads\/2021\/09\/02-1.jpg?ssl=1\"><img loading=\"lazy\" decoding=\"async\" class=\"aligncenter size-full wp-image-44209\" src=\"https:\/\/i0.wp.com\/ifolharegional.com.br\/wp-content\/uploads\/2021\/09\/02-1.jpg?resize=600%2C399&amp;ssl=1\" sizes=\"auto, (max-width: 600px) 100vw, 600px\" srcset=\"https:\/\/i0.wp.com\/ifolharegional.com.br\/wp-content\/uploads\/2021\/09\/02-1.jpg?w=600&amp;ssl=1 600w, https:\/\/i0.wp.com\/ifolharegional.com.br\/wp-content\/uploads\/2021\/09\/02-1.jpg?resize=300%2C200&amp;ssl=1 300w\" alt=\"\" width=\"600\" height=\"399\" data-attachment-id=\"44209\" data-permalink=\"https:\/\/ifolharegional.com.br\/2021\/09\/08\/acidente-envolve-tres-veiculos-na-sp-294\/02-282\/\" data-orig-file=\"https:\/\/i0.wp.com\/ifolharegional.com.br\/wp-content\/uploads\/2021\/09\/02-1.jpg?fit=600%2C399&amp;ssl=1\" data-orig-size=\"600,399\" data-comments-opened=\"0\" data-image-meta=\"{&quot;aperture&quot;:&quot;20&quot;,&quot;credit&quot;:&quot;&quot;,&quot;camera&quot;:&quot;NIKON D90&quot;,&quot;caption&quot;:&quot;&quot;,&quot;created_timestamp&quot;:&quot;1631008423&quot;,&quot;copyright&quot;:&quot;&quot;,&quot;focal_length&quot;:&quot;22&quot;,&quot;iso&quot;:&quot;2000&quot;,&quot;shutter_speed&quot;:&quot;0.0025&quot;,&quot;title&quot;:&quot;&quot;,&quot;orientation&quot;:&quot;1&quot;}\" data-image-title=\"02\" data-image-description=\"\" data-image-caption=\"\" data-medium-file=\"https:\/\/i0.wp.com\/ifolharegional.com.br\/wp-content\/uploads\/2021\/09\/02-1.jpg?fit=300%2C200&amp;ssl=1\" data-large-file=\"https:\/\/i0.wp.com\/ifolharegional.com.br\/wp-content\/uploads\/2021\/09\/02-1.jpg?fit=600%2C399&amp;ssl=1\" data-recalc-dims=\"1\" \/><\/a><\/p>\n<p style=\"text-align: justify;\">Na Spin estavam um homem e uma mulher que apesar do susto, n\u00e3o ficaram feridos e permaneceram no local do acidente.<\/p>\n<p style=\"text-align: justify;\">Momentos antes da postagem desta reportagem, nossa equipe de jornalismo falou com o irm\u00e3o do condutor da S10.<\/p>\n<p style=\"text-align: justify;\"><a href=\"https:\/\/i2.wp.com\/ifolharegional.com.br\/wp-content\/uploads\/2021\/09\/01-1.jpg?ssl=1\"><img loading=\"lazy\" decoding=\"async\" class=\"aligncenter size-full wp-image-44210\" src=\"https:\/\/i2.wp.com\/ifolharegional.com.br\/wp-content\/uploads\/2021\/09\/01-1.jpg?resize=600%2C399&amp;ssl=1\" sizes=\"auto, (max-width: 600px) 100vw, 600px\" srcset=\"https:\/\/i2.wp.com\/ifolharegional.com.br\/wp-content\/uploads\/2021\/09\/01-1.jpg?w=600&amp;ssl=1 600w, https:\/\/i2.wp.com\/ifolharegional.com.br\/wp-content\/uploads\/2021\/09\/01-1.jpg?resize=300%2C200&amp;ssl=1 300w\" alt=\"\" width=\"600\" height=\"399\" data-attachment-id=\"44210\" data-permalink=\"https:\/\/ifolharegional.com.br\/2021\/09\/08\/acidente-envolve-tres-veiculos-na-sp-294\/01-347\/\" data-orig-file=\"https:\/\/i2.wp.com\/ifolharegional.com.br\/wp-content\/uploads\/2021\/09\/01-1.jpg?fit=600%2C399&amp;ssl=1\" data-orig-size=\"600,399\" data-comments-opened=\"0\" data-image-meta=\"{&quot;aperture&quot;:&quot;25&quot;,&quot;credit&quot;:&quot;&quot;,&quot;camera&quot;:&quot;NIKON D90&quot;,&quot;caption&quot;:&quot;&quot;,&quot;created_timestamp&quot;:&quot;1631008416&quot;,&quot;copyright&quot;:&quot;&quot;,&quot;focal_length&quot;:&quot;22&quot;,&quot;iso&quot;:&quot;2000&quot;,&quot;shutter_speed&quot;:&quot;0.005&quot;,&quot;title&quot;:&quot;&quot;,&quot;orientation&quot;:&quot;1&quot;}\" data-image-title=\"01\" data-image-description=\"\" data-image-caption=\"\" data-medium-file=\"https:\/\/i2.wp.com\/ifolharegional.com.br\/wp-content\/uploads\/2021\/09\/01-1.jpg?fit=300%2C200&amp;ssl=1\" data-large-file=\"https:\/\/i2.wp.com\/ifolharegional.com.br\/wp-content\/uploads\/2021\/09\/01-1.jpg?fit=600%2C399&amp;ssl=1\" data-recalc-dims=\"1\" \/><\/a><\/p>\n<p style=\"text-align: justify;\">Ele informou que o irm\u00e3o teve um mal s\u00fabito no momento do acidente.<\/p>\n<p style=\"text-align: justify;\">\u201cEle est\u00e1 bem, passou por atendimento m\u00e9dico e exames e segue em observa\u00e7\u00e3o na Santa Casa de Fl\u00f3rida Paulista\u201d, disse S\u00f3crates Adalberto da Costa.<\/p>\n<p style=\"text-align: justify;\"><a href=\"https:\/\/i2.wp.com\/ifolharegional.com.br\/wp-content\/uploads\/2021\/09\/04-1.jpg?ssl=1\"><img loading=\"lazy\" decoding=\"async\" class=\"aligncenter size-full wp-image-44211\" src=\"https:\/\/i2.wp.com\/ifolharegional.com.br\/wp-content\/uploads\/2021\/09\/04-1.jpg?resize=600%2C399&amp;ssl=1\" sizes=\"auto, (max-width: 600px) 100vw, 600px\" srcset=\"https:\/\/i2.wp.com\/ifolharegional.com.br\/wp-content\/uploads\/2021\/09\/04-1.jpg?w=600&amp;ssl=1 600w, https:\/\/i2.wp.com\/ifolharegional.com.br\/wp-content\/uploads\/2021\/09\/04-1.jpg?resize=300%2C200&amp;ssl=1 300w\" alt=\"\" width=\"600\" height=\"399\" data-attachment-id=\"44211\" data-permalink=\"https:\/\/ifolharegional.com.br\/2021\/09\/08\/acidente-envolve-tres-veiculos-na-sp-294\/04-202\/\" data-orig-file=\"https:\/\/i2.wp.com\/ifolharegional.com.br\/wp-content\/uploads\/2021\/09\/04-1.jpg?fit=600%2C399&amp;ssl=1\" data-orig-size=\"600,399\" data-comments-opened=\"0\" data-image-meta=\"{&quot;aperture&quot;:&quot;22&quot;,&quot;credit&quot;:&quot;&quot;,&quot;camera&quot;:&quot;NIKON D90&quot;,&quot;caption&quot;:&quot;&quot;,&quot;created_timestamp&quot;:&quot;1631008528&quot;,&quot;copyright&quot;:&quot;&quot;,&quot;focal_length&quot;:&quot;52&quot;,&quot;iso&quot;:&quot;2000&quot;,&quot;shutter_speed&quot;:&quot;0.002&quot;,&quot;title&quot;:&quot;&quot;,&quot;orientation&quot;:&quot;1&quot;}\" data-image-title=\"04\" data-image-description=\"\" data-image-caption=\"\" data-medium-file=\"https:\/\/i2.wp.com\/ifolharegional.com.br\/wp-content\/uploads\/2021\/09\/04-1.jpg?fit=300%2C200&amp;ssl=1\" data-large-file=\"https:\/\/i2.wp.com\/ifolharegional.com.br\/wp-content\/uploads\/2021\/09\/04-1.jpg?fit=600%2C399&amp;ssl=1\" data-recalc-dims=\"1\" \/><\/a><\/p>\n<p style=\"text-align: justify;\">Equipes do Corpo de Bombeiros de Adamantina e da EixoSP estiveram no local para prestar suporte para as v\u00edtimas.<\/p>\n<p style=\"text-align: justify;\">O boletim de ocorr\u00eancia foi registrado pela Pol\u00edcia Militar Rodovi\u00e1ria. A Pol\u00edcia Cient\u00edfica vai apontar as causas do acidente.<\/p>\n<p style=\"text-align: justify;\">Fonte: Folha Regional &#8211; Fotos: Diego Fernandes \/ ifolharegional.com.br<\/p>\n","protected":false},"excerpt":{"rendered":"<p>Um acidente ocorrido na manh\u00e3 desta quarta-feira (8) no km 601+400 metros da Rodovia Comandante Jo\u00e3o Ribeiro de Barros \u2013 (SP-294) pr\u00f3ximo da Fazenda Jacutinga entre Fl\u00f3rida Paulista e Adamantina envolveu tr\u00eas ve\u00edculos e resultou em v\u00edtimas leves. Uma caminhonete GM S10 seguia nos sentido Adamantina \/ Fl\u00f3rida Paulista quando por motivos desconhecidos perdeu o [&hellip;]<\/p>\n","protected":false},"author":1,"featured_media":53505,"comment_status":"closed","ping_status":"open","sticky":false,"template":"","format":"standard","meta":{"footnotes":""},"categories":[170,110],"tags":[],"class_list":["post-53504","post","type-post","status-publish","format-standard","has-post-thumbnail","hentry","category-acidentes","category-noticiasdestaque"],"_links":{"self":[{"href":"https:\/\/jorgezanoni.com.br\/2019\/wp-json\/wp\/v2\/posts\/53504","targetHints":{"allow":["GET"]}}],"collection":[{"href":"https:\/\/jorgezanoni.com.br\/2019\/wp-json\/wp\/v2\/posts"}],"about":[{"href":"https:\/\/jorgezanoni.com.br\/2019\/wp-json\/wp\/v2\/types\/post"}],"author":[{"embeddable":true,"href":"https:\/\/jorgezanoni.com.br\/2019\/wp-json\/wp\/v2\/users\/1"}],"replies":[{"embeddable":true,"href":"https:\/\/jorgezanoni.com.br\/2019\/wp-json\/wp\/v2\/comments?post=53504"}],"version-history":[{"count":0,"href":"https:\/\/jorgezanoni.com.br\/2019\/wp-json\/wp\/v2\/posts\/53504\/revisions"}],"wp:featuredmedia":[{"embeddable":true,"href":"https:\/\/jorgezanoni.com.br\/2019\/wp-json\/wp\/v2\/media\/53505"}],"wp:attachment":[{"href":"https:\/\/jorgezanoni.com.br\/2019\/wp-json\/wp\/v2\/media?parent=53504"}],"wp:term":[{"taxonomy":"category","embeddable":true,"href":"https:\/\/jorgezanoni.com.br\/2019\/wp-json\/wp\/v2\/categories?post=53504"},{"taxonomy":"post_tag","embeddable":true,"href":"https:\/\/jorgezanoni.com.br\/2019\/wp-json\/wp\/v2\/tags?post=53504"}],"curies":[{"name":"wp","href":"https:\/\/api.w.org\/{rel}","templated":true}]}}