{"id":53501,"date":"2021-09-09T00:06:22","date_gmt":"2021-09-09T00:06:22","guid":{"rendered":"https:\/\/jorgezanoni.com.br\/2019\/?p=53501"},"modified":"2021-09-09T00:06:22","modified_gmt":"2021-09-09T00:06:22","slug":"aulas-sao-suspensas-apos-confirmacoes-de-casos-de-coronavirus-em-duas-escolas-municipais-de-dracena","status":"publish","type":"post","link":"https:\/\/jorgezanoni.com.br\/2019\/aulas-sao-suspensas-apos-confirmacoes-de-casos-de-coronavirus-em-duas-escolas-municipais-de-dracena\/","title":{"rendered":"Aulas s\u00e3o suspensas ap\u00f3s confirma\u00e7\u00f5es de casos de coronav\u00edrus em duas escolas municipais de Dracena"},"content":{"rendered":"<h2 class=\"content-head__subtitle\" style=\"text-align: justify;\"><strong>Retomadas das atividades est\u00e3o previstas para quinta-feira (9) e segunda-feira (13). Estudantes e docentes positivados foram encaminhados ao Centro Municipal de Atendimento \u00e0 Covid-19.<\/strong><\/h2>\n<div class=\"mc-column content-text active-extra-styles \" data-block-type=\"unstyled\" data-block-weight=\"22\" data-block-id=\"2\">\n<p class=\"content-text__container \" style=\"text-align: justify;\" data-track-category=\"Link no Texto\" data-track-links=\"\">A Secretaria Municipal de Educa\u00e7\u00e3o confirmou nesta quarta-feira (8) quatro casos positivos de coronav\u00edrus em estudantes e docentes, em\u00a0<a href=\"https:\/\/g1.globo.com\/sp\/presidente-prudente-regiao\/cidade\/dracena\/\">Dracena (SP)<\/a>.<\/p>\n<\/div>\n<div class=\"wall protected-content\">\n<div class=\"mc-column content-text active-extra-styles \" style=\"text-align: justify;\" data-block-type=\"unstyled\" data-block-weight=\"48\" data-block-id=\"3\">\n<p class=\"content-text__container \" data-track-category=\"Link no Texto\" data-track-links=\"\">De acordo com a Prefeitura, os casos foram confirmados em dois irm\u00e3os, estudantes da Escola Municipal de Ensino Fundamental e Infantil Professora Luiza Rossa Ribeiro, localizada no bairro S\u00e3o Francisco, e em duas docentes da Escola Municipal de Educa\u00e7\u00e3o Infantil Pintando o Sete, no bairro Jardim Alvorada.<\/p>\n<\/div>\n<div class=\"mc-column content-text active-extra-styles \" style=\"text-align: justify;\" data-block-type=\"unstyled\" data-block-weight=\"22\" data-block-id=\"4\">\n<p class=\"content-text__container \" data-track-category=\"Link no Texto\" data-track-links=\"\">As sanitiza\u00e7\u00f5es das escolas foram realizadas nesta quarta-feira (8), visando maior seguran\u00e7a a todos os funcion\u00e1rios e estudantes inseridos nas unidades escolares.<\/p>\n<\/div>\n<div class=\"mc-column content-text active-extra-styles \" style=\"text-align: justify;\" data-block-type=\"unstyled\" data-block-weight=\"34\" data-block-id=\"5\">\n<p class=\"content-text__container \" data-track-category=\"Link no Texto\" data-track-links=\"\">A secret\u00e1ria de Educa\u00e7\u00e3o Juliana Corr\u00eaa Pereira da Silva disse que \u00e9 muito importante que casos suspeitos sejam comunicados o mais r\u00e1pido poss\u00edvel, para que seja feito o acompanhamento adequado pela equipe do Cemac.<\/p>\n<\/div>\n<div class=\"mc-column content-text active-extra-styles \" style=\"text-align: justify;\" data-block-type=\"unstyled\" data-block-weight=\"41\" data-block-id=\"6\">\n<p class=\"content-text__container \" data-track-category=\"Link no Texto\" data-track-links=\"\">Conforme a secret\u00e1ria, na Escola Municipal de Ensino Fundamental e Infantil Professora Luiza Rossa Ribeiro, as atividades ser\u00e3o retomadas normalmente nesta quinta-feira (9). J\u00e1 na da Escola Municipal de Educa\u00e7\u00e3o Infantil Pintando o Sete o retorno est\u00e1 previsto para segunda-feira (13).<\/p>\n<\/div>\n<div class=\"mc-column content-text active-extra-styles \" data-block-type=\"unstyled\" data-block-weight=\"48\" data-block-id=\"7\">\n<p class=\"content-text__container \" style=\"text-align: justify;\" data-track-category=\"Link no Texto\" data-track-links=\"\">Segundo informa\u00e7\u00f5es da Secretaria de Educa\u00e7\u00e3o, as medidas necess\u00e1rias foram tomadas desde a ci\u00eancia dos casos, a partir da comunica\u00e7\u00e3o imediata entre as secretarias de Educa\u00e7\u00e3o e Sa\u00fade\/Higiene P\u00fablica, para o monitoramento dos estudantes e das professoras, sendo encaminhados ao Centro Municipal de Atendimento \u00e0 Covid-19 (Cemac).<\/p>\n<p style=\"text-align: justify;\" data-track-category=\"Link no Texto\" data-track-links=\"\">Fonte: Diretoria de Comunica\u00e7\u00e3o e G1<\/p>\n<\/div>\n<\/div>\n<p>&nbsp;<\/p>\n","protected":false},"excerpt":{"rendered":"<p>Retomadas das atividades est\u00e3o previstas para quinta-feira (9) e segunda-feira (13). Estudantes e docentes positivados foram encaminhados ao Centro Municipal de Atendimento \u00e0 Covid-19. A Secretaria Municipal de Educa\u00e7\u00e3o confirmou nesta quarta-feira (8) quatro casos positivos de coronav\u00edrus em estudantes e docentes, em\u00a0Dracena (SP). De acordo com a Prefeitura, os casos foram confirmados em dois [&hellip;]<\/p>\n","protected":false},"author":1,"featured_media":53502,"comment_status":"closed","ping_status":"open","sticky":false,"template":"","format":"standard","meta":{"footnotes":""},"categories":[179,184,110],"tags":[],"class_list":["post-53501","post","type-post","status-publish","format-standard","has-post-thumbnail","hentry","category-cidadeseregiao","category-dracena","category-noticiasdestaque"],"_links":{"self":[{"href":"https:\/\/jorgezanoni.com.br\/2019\/wp-json\/wp\/v2\/posts\/53501","targetHints":{"allow":["GET"]}}],"collection":[{"href":"https:\/\/jorgezanoni.com.br\/2019\/wp-json\/wp\/v2\/posts"}],"about":[{"href":"https:\/\/jorgezanoni.com.br\/2019\/wp-json\/wp\/v2\/types\/post"}],"author":[{"embeddable":true,"href":"https:\/\/jorgezanoni.com.br\/2019\/wp-json\/wp\/v2\/users\/1"}],"replies":[{"embeddable":true,"href":"https:\/\/jorgezanoni.com.br\/2019\/wp-json\/wp\/v2\/comments?post=53501"}],"version-history":[{"count":0,"href":"https:\/\/jorgezanoni.com.br\/2019\/wp-json\/wp\/v2\/posts\/53501\/revisions"}],"wp:featuredmedia":[{"embeddable":true,"href":"https:\/\/jorgezanoni.com.br\/2019\/wp-json\/wp\/v2\/media\/53502"}],"wp:attachment":[{"href":"https:\/\/jorgezanoni.com.br\/2019\/wp-json\/wp\/v2\/media?parent=53501"}],"wp:term":[{"taxonomy":"category","embeddable":true,"href":"https:\/\/jorgezanoni.com.br\/2019\/wp-json\/wp\/v2\/categories?post=53501"},{"taxonomy":"post_tag","embeddable":true,"href":"https:\/\/jorgezanoni.com.br\/2019\/wp-json\/wp\/v2\/tags?post=53501"}],"curies":[{"name":"wp","href":"https:\/\/api.w.org\/{rel}","templated":true}]}}