{"id":53498,"date":"2021-09-08T23:01:27","date_gmt":"2021-09-08T23:01:27","guid":{"rendered":"https:\/\/jorgezanoni.com.br\/2019\/?p=53498"},"modified":"2021-09-08T23:01:27","modified_gmt":"2021-09-08T23:01:27","slug":"caminhonete-tomba-apos-atingir-estabelecimentos-comerciais-em-florida-paulista","status":"publish","type":"post","link":"https:\/\/jorgezanoni.com.br\/2019\/caminhonete-tomba-apos-atingir-estabelecimentos-comerciais-em-florida-paulista\/","title":{"rendered":"Caminhonete tomba ap\u00f3s atingir estabelecimentos comerciais em Fl\u00f3rida Paulista"},"content":{"rendered":"<p style=\"text-align: justify;\"><strong>Uma caminhonete tombou ap\u00f3s atingir dois estabelecimentos comerciais em Fl\u00f3rida Paulista na manh\u00e3 desta quarta-feira (8).<\/strong><\/p>\n<p style=\"text-align: justify;\">Segundo informa\u00e7\u00f5es obtidas pela reportagem do jornal e site\u00a0<strong>Folha Regional<\/strong>\u00a0no local do acidente junto \u00e0 Pol\u00edcia Militar, o ve\u00edculo conduzido por uma mulher, estava estacionado em uma vaga de 45\u00ba, em frente a um estabelecimento comercial em que funciona um provedor de internet na Avenida Presidente Vargas, pr\u00f3ximo ao Terminal Rodovi\u00e1rio.<\/p>\n<p style=\"text-align: justify;\"><a href=\"https:\/\/i2.wp.com\/ifolharegional.com.br\/wp-content\/uploads\/2021\/09\/camin-8-5.jpeg?ssl=1\"><img loading=\"lazy\" decoding=\"async\" class=\"aligncenter size-full wp-image-44234\" src=\"https:\/\/i2.wp.com\/ifolharegional.com.br\/wp-content\/uploads\/2021\/09\/camin-8-5.jpeg?resize=600%2C450&amp;ssl=1\" sizes=\"auto, (max-width: 600px) 100vw, 600px\" srcset=\"https:\/\/i2.wp.com\/ifolharegional.com.br\/wp-content\/uploads\/2021\/09\/camin-8-5.jpeg?w=600&amp;ssl=1 600w, https:\/\/i2.wp.com\/ifolharegional.com.br\/wp-content\/uploads\/2021\/09\/camin-8-5.jpeg?resize=300%2C225&amp;ssl=1 300w\" alt=\"\" width=\"600\" height=\"450\" data-attachment-id=\"44234\" data-permalink=\"https:\/\/ifolharegional.com.br\/2021\/09\/08\/caminhonete-tomba-apos-atingir-estabelecimentos-comerciais-em-florida-paulista\/camin-8-5\/\" data-orig-file=\"https:\/\/i2.wp.com\/ifolharegional.com.br\/wp-content\/uploads\/2021\/09\/camin-8-5.jpeg?fit=600%2C450&amp;ssl=1\" data-orig-size=\"600,450\" data-comments-opened=\"0\" data-image-meta=\"{&quot;aperture&quot;:&quot;0&quot;,&quot;credit&quot;:&quot;&quot;,&quot;camera&quot;:&quot;&quot;,&quot;caption&quot;:&quot;&quot;,&quot;created_timestamp&quot;:&quot;0&quot;,&quot;copyright&quot;:&quot;&quot;,&quot;focal_length&quot;:&quot;0&quot;,&quot;iso&quot;:&quot;0&quot;,&quot;shutter_speed&quot;:&quot;0&quot;,&quot;title&quot;:&quot;&quot;,&quot;orientation&quot;:&quot;1&quot;}\" data-image-title=\"camin-8 (5)\" data-image-description=\"\" data-image-caption=\"\" data-medium-file=\"https:\/\/i2.wp.com\/ifolharegional.com.br\/wp-content\/uploads\/2021\/09\/camin-8-5.jpeg?fit=300%2C225&amp;ssl=1\" data-large-file=\"https:\/\/i2.wp.com\/ifolharegional.com.br\/wp-content\/uploads\/2021\/09\/camin-8-5.jpeg?fit=600%2C450&amp;ssl=1\" data-recalc-dims=\"1\" \/><\/a><br \/>\nUma testemunha relatou aos policiais que a condutora havia entrado no ve\u00edculo e percebeu quando ele avan\u00e7ou na cal\u00e7ada e atingiu um totem da empresa e em seguida voltou em marcha r\u00e9, atingiu placas de identifica\u00e7\u00e3o da via, as paredes e a porta de vidro de uma empresa do outro lado da rua onde tombou e colidiu na lateral de um carro que estava estacionado.<\/p>\n<p style=\"text-align: justify;\"><a href=\"https:\/\/i1.wp.com\/ifolharegional.com.br\/wp-content\/uploads\/2021\/09\/camin-8-6.jpeg?ssl=1\"><img loading=\"lazy\" decoding=\"async\" class=\"aligncenter size-full wp-image-44229\" src=\"https:\/\/i1.wp.com\/ifolharegional.com.br\/wp-content\/uploads\/2021\/09\/camin-8-6.jpeg?resize=600%2C450&amp;ssl=1\" sizes=\"auto, (max-width: 600px) 100vw, 600px\" srcset=\"https:\/\/i1.wp.com\/ifolharegional.com.br\/wp-content\/uploads\/2021\/09\/camin-8-6.jpeg?w=600&amp;ssl=1 600w, https:\/\/i1.wp.com\/ifolharegional.com.br\/wp-content\/uploads\/2021\/09\/camin-8-6.jpeg?resize=300%2C225&amp;ssl=1 300w\" alt=\"\" width=\"600\" height=\"450\" data-attachment-id=\"44229\" data-permalink=\"https:\/\/ifolharegional.com.br\/2021\/09\/08\/caminhonete-tomba-apos-atingir-estabelecimentos-comerciais-em-florida-paulista\/camin-8-6\/\" data-orig-file=\"https:\/\/i1.wp.com\/ifolharegional.com.br\/wp-content\/uploads\/2021\/09\/camin-8-6.jpeg?fit=600%2C450&amp;ssl=1\" data-orig-size=\"600,450\" data-comments-opened=\"0\" data-image-meta=\"{&quot;aperture&quot;:&quot;0&quot;,&quot;credit&quot;:&quot;&quot;,&quot;camera&quot;:&quot;&quot;,&quot;caption&quot;:&quot;&quot;,&quot;created_timestamp&quot;:&quot;0&quot;,&quot;copyright&quot;:&quot;&quot;,&quot;focal_length&quot;:&quot;0&quot;,&quot;iso&quot;:&quot;0&quot;,&quot;shutter_speed&quot;:&quot;0&quot;,&quot;title&quot;:&quot;&quot;,&quot;orientation&quot;:&quot;1&quot;}\" data-image-title=\"camin-8 (6)\" data-image-description=\"\" data-image-caption=\"\" data-medium-file=\"https:\/\/i1.wp.com\/ifolharegional.com.br\/wp-content\/uploads\/2021\/09\/camin-8-6.jpeg?fit=300%2C225&amp;ssl=1\" data-large-file=\"https:\/\/i1.wp.com\/ifolharegional.com.br\/wp-content\/uploads\/2021\/09\/camin-8-6.jpeg?fit=600%2C450&amp;ssl=1\" data-recalc-dims=\"1\" \/><\/a><br \/>\nTamb\u00e9m durante o ocorrido, testemunhas informaram que ouviram um barulho muito alto de engrenagens vindo da caminhonete, o que pode indicar uma falha mec\u00e2nica ou pane como fator causador do acidente.<\/p>\n<p style=\"text-align: justify;\"><a href=\"https:\/\/i1.wp.com\/ifolharegional.com.br\/wp-content\/uploads\/2021\/09\/camin-8-2.jpeg?ssl=1\"><img loading=\"lazy\" decoding=\"async\" class=\"aligncenter size-full wp-image-44233\" src=\"https:\/\/i1.wp.com\/ifolharegional.com.br\/wp-content\/uploads\/2021\/09\/camin-8-2.jpeg?resize=600%2C450&amp;ssl=1\" sizes=\"auto, (max-width: 600px) 100vw, 600px\" srcset=\"https:\/\/i1.wp.com\/ifolharegional.com.br\/wp-content\/uploads\/2021\/09\/camin-8-2.jpeg?w=600&amp;ssl=1 600w, https:\/\/i1.wp.com\/ifolharegional.com.br\/wp-content\/uploads\/2021\/09\/camin-8-2.jpeg?resize=300%2C225&amp;ssl=1 300w\" alt=\"\" width=\"600\" height=\"450\" data-attachment-id=\"44233\" data-permalink=\"https:\/\/ifolharegional.com.br\/2021\/09\/08\/caminhonete-tomba-apos-atingir-estabelecimentos-comerciais-em-florida-paulista\/camin-8-2\/\" data-orig-file=\"https:\/\/i1.wp.com\/ifolharegional.com.br\/wp-content\/uploads\/2021\/09\/camin-8-2.jpeg?fit=600%2C450&amp;ssl=1\" data-orig-size=\"600,450\" data-comments-opened=\"0\" data-image-meta=\"{&quot;aperture&quot;:&quot;0&quot;,&quot;credit&quot;:&quot;&quot;,&quot;camera&quot;:&quot;&quot;,&quot;caption&quot;:&quot;&quot;,&quot;created_timestamp&quot;:&quot;0&quot;,&quot;copyright&quot;:&quot;&quot;,&quot;focal_length&quot;:&quot;0&quot;,&quot;iso&quot;:&quot;0&quot;,&quot;shutter_speed&quot;:&quot;0&quot;,&quot;title&quot;:&quot;&quot;,&quot;orientation&quot;:&quot;1&quot;}\" data-image-title=\"camin-8 (2)\" data-image-description=\"\" data-image-caption=\"\" data-medium-file=\"https:\/\/i1.wp.com\/ifolharegional.com.br\/wp-content\/uploads\/2021\/09\/camin-8-2.jpeg?fit=300%2C225&amp;ssl=1\" data-large-file=\"https:\/\/i1.wp.com\/ifolharegional.com.br\/wp-content\/uploads\/2021\/09\/camin-8-2.jpeg?fit=600%2C450&amp;ssl=1\" data-recalc-dims=\"1\" \/><\/a><br \/>\nA condutora permaneceu no interior do ve\u00edculo retida e foi socorrida e encaminhada para a Santa Casa de Miseric\u00f3rdia pelo Corpo de Bombeiros de Adamantina.<\/p>\n<p style=\"text-align: justify;\">Ela passou por atendimento m\u00e9dico e exames e em seguida foi liberada.<\/p>\n<p style=\"text-align: justify;\"><a href=\"https:\/\/i2.wp.com\/ifolharegional.com.br\/wp-content\/uploads\/2021\/09\/camin-8-1.jpeg?ssl=1\"><img loading=\"lazy\" decoding=\"async\" class=\"aligncenter size-full wp-image-44232\" src=\"https:\/\/i2.wp.com\/ifolharegional.com.br\/wp-content\/uploads\/2021\/09\/camin-8-1.jpeg?resize=600%2C450&amp;ssl=1\" sizes=\"auto, (max-width: 600px) 100vw, 600px\" srcset=\"https:\/\/i2.wp.com\/ifolharegional.com.br\/wp-content\/uploads\/2021\/09\/camin-8-1.jpeg?w=600&amp;ssl=1 600w, https:\/\/i2.wp.com\/ifolharegional.com.br\/wp-content\/uploads\/2021\/09\/camin-8-1.jpeg?resize=300%2C225&amp;ssl=1 300w\" alt=\"\" width=\"600\" height=\"450\" data-attachment-id=\"44232\" data-permalink=\"https:\/\/ifolharegional.com.br\/2021\/09\/08\/caminhonete-tomba-apos-atingir-estabelecimentos-comerciais-em-florida-paulista\/camin-8-1\/\" data-orig-file=\"https:\/\/i2.wp.com\/ifolharegional.com.br\/wp-content\/uploads\/2021\/09\/camin-8-1.jpeg?fit=600%2C450&amp;ssl=1\" data-orig-size=\"600,450\" data-comments-opened=\"0\" data-image-meta=\"{&quot;aperture&quot;:&quot;0&quot;,&quot;credit&quot;:&quot;&quot;,&quot;camera&quot;:&quot;&quot;,&quot;caption&quot;:&quot;&quot;,&quot;created_timestamp&quot;:&quot;0&quot;,&quot;copyright&quot;:&quot;&quot;,&quot;focal_length&quot;:&quot;0&quot;,&quot;iso&quot;:&quot;0&quot;,&quot;shutter_speed&quot;:&quot;0&quot;,&quot;title&quot;:&quot;&quot;,&quot;orientation&quot;:&quot;1&quot;}\" data-image-title=\"camin-8 (1)\" data-image-description=\"\" data-image-caption=\"\" data-medium-file=\"https:\/\/i2.wp.com\/ifolharegional.com.br\/wp-content\/uploads\/2021\/09\/camin-8-1.jpeg?fit=300%2C225&amp;ssl=1\" data-large-file=\"https:\/\/i2.wp.com\/ifolharegional.com.br\/wp-content\/uploads\/2021\/09\/camin-8-1.jpeg?fit=600%2C450&amp;ssl=1\" data-recalc-dims=\"1\" \/><\/a><\/p>\n<p style=\"text-align: justify;\">Momentos antes da postagem desta not\u00edcia a nossa reportagem entrou em contato com a fam\u00edlia que informou que apesar do susto, a v\u00edtima passa bem e se recupera do ocorrido.<\/p>\n<p style=\"text-align: justify;\">A Pol\u00edcia Militar registrou o boletim de ocorr\u00eancia. As causas do acidente ser\u00e3o apuradas.<\/p>\n<p style=\"text-align: justify;\">Fonte: Folha Regional &#8211; Fotos: Rafael Massarotte \/ ifolharegional.com.br<\/p>\n","protected":false},"excerpt":{"rendered":"<p>Uma caminhonete tombou ap\u00f3s atingir dois estabelecimentos comerciais em Fl\u00f3rida Paulista na manh\u00e3 desta quarta-feira (8). Segundo informa\u00e7\u00f5es obtidas pela reportagem do jornal e site\u00a0Folha Regional\u00a0no local do acidente junto \u00e0 Pol\u00edcia Militar, o ve\u00edculo conduzido por uma mulher, estava estacionado em uma vaga de 45\u00ba, em frente a um estabelecimento comercial em que funciona [&hellip;]<\/p>\n","protected":false},"author":1,"featured_media":53499,"comment_status":"closed","ping_status":"open","sticky":false,"template":"","format":"standard","meta":{"footnotes":""},"categories":[170,110],"tags":[],"class_list":["post-53498","post","type-post","status-publish","format-standard","has-post-thumbnail","hentry","category-acidentes","category-noticiasdestaque"],"_links":{"self":[{"href":"https:\/\/jorgezanoni.com.br\/2019\/wp-json\/wp\/v2\/posts\/53498","targetHints":{"allow":["GET"]}}],"collection":[{"href":"https:\/\/jorgezanoni.com.br\/2019\/wp-json\/wp\/v2\/posts"}],"about":[{"href":"https:\/\/jorgezanoni.com.br\/2019\/wp-json\/wp\/v2\/types\/post"}],"author":[{"embeddable":true,"href":"https:\/\/jorgezanoni.com.br\/2019\/wp-json\/wp\/v2\/users\/1"}],"replies":[{"embeddable":true,"href":"https:\/\/jorgezanoni.com.br\/2019\/wp-json\/wp\/v2\/comments?post=53498"}],"version-history":[{"count":0,"href":"https:\/\/jorgezanoni.com.br\/2019\/wp-json\/wp\/v2\/posts\/53498\/revisions"}],"wp:featuredmedia":[{"embeddable":true,"href":"https:\/\/jorgezanoni.com.br\/2019\/wp-json\/wp\/v2\/media\/53499"}],"wp:attachment":[{"href":"https:\/\/jorgezanoni.com.br\/2019\/wp-json\/wp\/v2\/media?parent=53498"}],"wp:term":[{"taxonomy":"category","embeddable":true,"href":"https:\/\/jorgezanoni.com.br\/2019\/wp-json\/wp\/v2\/categories?post=53498"},{"taxonomy":"post_tag","embeddable":true,"href":"https:\/\/jorgezanoni.com.br\/2019\/wp-json\/wp\/v2\/tags?post=53498"}],"curies":[{"name":"wp","href":"https:\/\/api.w.org\/{rel}","templated":true}]}}