{"id":53494,"date":"2021-09-08T22:46:52","date_gmt":"2021-09-08T22:46:52","guid":{"rendered":"https:\/\/jorgezanoni.com.br\/2019\/?p=53494"},"modified":"2021-09-08T22:46:52","modified_gmt":"2021-09-08T22:46:52","slug":"dudu-braga-filho-de-roberto-carlos-morre-aos-52-anos-em-sp","status":"publish","type":"post","link":"https:\/\/jorgezanoni.com.br\/2019\/dudu-braga-filho-de-roberto-carlos-morre-aos-52-anos-em-sp\/","title":{"rendered":"Dudu Braga, filho de Roberto Carlos, morre aos 52 anos em SP"},"content":{"rendered":"<h2 class=\"content-head__subtitle\" style=\"text-align: justify;\"><strong>O produtor musical estava em tratamento contra um c\u00e2ncer no perit\u00f4nio, uma membrana que envolve a parede abdominal.<\/strong><\/h2>\n<div class=\"mc-column content-text active-extra-styles \" data-block-type=\"unstyled\" data-block-weight=\"43\" data-block-id=\"2\">\n<p class=\"content-text__container \" style=\"text-align: justify;\" data-track-category=\"Link no Texto\" data-track-links=\"\">O produtor musical Dudu Braga, filho de\u00a0<a href=\"https:\/\/g1.globo.com\/tudo-sobre\/roberto-carlos\/\">Roberto Carlos<\/a>, morreu nesta quarta-feira (8), aos 52 anos, no hospital Albert Einstein, na Zona Sul de S\u00e3o Paulo. Ele estava em tratamento contra um c\u00e2ncer no perit\u00f4nio, uma membrana que envolve a parede abdominal.<\/p>\n<\/div>\n<div class=\"wall protected-content\">\n<div class=\"mc-column content-text active-extra-styles\" style=\"text-align: justify;\" data-block-type=\"raw\" data-block-weight=\"9\" data-block-id=\"3\">\n<ul class=\"content-unordered-list\">\n<li><a href=\"https:\/\/g1.globo.com\/pop-arte\/noticia\/2021\/09\/08\/dudu-braga-filho-de-roberto-carlos-morre-aos-52-anos-veja-fotos.ghtml\">FOTOS: veja imagens do produtor musical com a fam\u00edlia<\/a><\/li>\n<\/ul>\n<\/div>\n<div class=\"mc-column content-text active-extra-styles \" style=\"text-align: justify;\" data-block-type=\"unstyled\" data-block-weight=\"28\" data-block-id=\"4\">\n<p class=\"content-text__container \" data-track-category=\"Link no Texto\" data-track-links=\"\">Al\u00e9m de Dudu, o cantor Roberto Carlos tem mais tr\u00eas filhos. A mais velha,\u00a0<a href=\"http:\/\/g1.globo.com\/pop-arte\/noticia\/2011\/04\/corpo-da-filha-de-roberto-carlos-e-enterrado-no-cemiterio-do-araca.html\">Ana Paula Rossi Braga, teve uma morte s\u00fabita aos 47 anos, em 2011.<\/a><\/p>\n<\/div>\n<div class=\"mc-column content-text active-extra-styles \" data-block-type=\"unstyled\" data-block-weight=\"31\" data-block-id=\"5\">\n<p class=\"content-text__container \" style=\"text-align: justify;\" data-track-category=\"Link no Texto\" data-track-links=\"\"><em>Em entrevista ao Fant\u00e1stico, exibida em 2013, Dudu Braga e Roberto Carlos falaram sobre a rela\u00e7\u00e3o entre pai e filho. Nas palavras do rei, o filho era &#8220;seu \u00eddolo&#8221;.<\/em><\/p>\n<p style=\"text-align: justify;\" data-track-category=\"Link no Texto\" data-track-links=\"\">Fonte: https:\/\/g1.globo.com\/pop-arte\/noticia\/2021\/09\/08\/dudu-braga-filho-de-roberto-carlos-morre-aos-52-anos-veja-fotos.ghtml<\/p>\n<\/div>\n<\/div>\n","protected":false},"excerpt":{"rendered":"<p>O produtor musical estava em tratamento contra um c\u00e2ncer no perit\u00f4nio, uma membrana que envolve a parede abdominal. O produtor musical Dudu Braga, filho de\u00a0Roberto Carlos, morreu nesta quarta-feira (8), aos 52 anos, no hospital Albert Einstein, na Zona Sul de S\u00e3o Paulo. Ele estava em tratamento contra um c\u00e2ncer no perit\u00f4nio, uma membrana que [&hellip;]<\/p>\n","protected":false},"author":1,"featured_media":53495,"comment_status":"closed","ping_status":"open","sticky":false,"template":"","format":"standard","meta":{"footnotes":""},"categories":[178,110],"tags":[],"class_list":["post-53494","post","type-post","status-publish","format-standard","has-post-thumbnail","hentry","category-notadefalecimento","category-noticiasdestaque"],"_links":{"self":[{"href":"https:\/\/jorgezanoni.com.br\/2019\/wp-json\/wp\/v2\/posts\/53494","targetHints":{"allow":["GET"]}}],"collection":[{"href":"https:\/\/jorgezanoni.com.br\/2019\/wp-json\/wp\/v2\/posts"}],"about":[{"href":"https:\/\/jorgezanoni.com.br\/2019\/wp-json\/wp\/v2\/types\/post"}],"author":[{"embeddable":true,"href":"https:\/\/jorgezanoni.com.br\/2019\/wp-json\/wp\/v2\/users\/1"}],"replies":[{"embeddable":true,"href":"https:\/\/jorgezanoni.com.br\/2019\/wp-json\/wp\/v2\/comments?post=53494"}],"version-history":[{"count":0,"href":"https:\/\/jorgezanoni.com.br\/2019\/wp-json\/wp\/v2\/posts\/53494\/revisions"}],"wp:featuredmedia":[{"embeddable":true,"href":"https:\/\/jorgezanoni.com.br\/2019\/wp-json\/wp\/v2\/media\/53495"}],"wp:attachment":[{"href":"https:\/\/jorgezanoni.com.br\/2019\/wp-json\/wp\/v2\/media?parent=53494"}],"wp:term":[{"taxonomy":"category","embeddable":true,"href":"https:\/\/jorgezanoni.com.br\/2019\/wp-json\/wp\/v2\/categories?post=53494"},{"taxonomy":"post_tag","embeddable":true,"href":"https:\/\/jorgezanoni.com.br\/2019\/wp-json\/wp\/v2\/tags?post=53494"}],"curies":[{"name":"wp","href":"https:\/\/api.w.org\/{rel}","templated":true}]}}