{"id":53491,"date":"2021-09-08T19:14:11","date_gmt":"2021-09-08T19:14:11","guid":{"rendered":"https:\/\/jorgezanoni.com.br\/2019\/?p=53491"},"modified":"2021-09-08T19:14:11","modified_gmt":"2021-09-08T19:14:11","slug":"vacinacao-covid-saude-municipal-anuncia-3-horarios-e-3-grupos-nesta-quinta-e-sexta","status":"publish","type":"post","link":"https:\/\/jorgezanoni.com.br\/2019\/vacinacao-covid-saude-municipal-anuncia-3-horarios-e-3-grupos-nesta-quinta-e-sexta\/","title":{"rendered":"VACINA\u00c7\u00c3O COVID: Sa\u00fade Municipal anuncia 3 hor\u00e1rios e 3 grupos nesta quinta e sexta"},"content":{"rendered":"<p style=\"text-align: justify;\">Quinta-feira 9\/09<br \/>\nDas 8h \u00e0s 13h: segundas doses agendadas (Igreja Assembleia de Deus)<\/p>\n<p>Das 13h \u00e0s 15h: terceira dose para pessoas com 90 anos ou mais (Igreja Assembleia de Deus)<\/p>\n<p>Das 17h \u00e0s 20h: Adolescentes com 13 anos completos (Policl\u00ednica)<\/p>\n<p>Sexta-feira 10\/09<br \/>\n8h \u00e0s 13h: segundas doses agendadas (Igreja Assembleia de Deus)<\/p>\n<p>13h \u00e0s 15h: terceira dose para pessoas de 85 a 89 anos. (Igreja Assembleia de Deus)<\/p>\n<p>17h \u00e0s 20h: Adolescentes com 12 anos completos<\/p>\n<p>A Sa\u00fade orienta que para a terceira dose \u00e9 necess\u00e1rio ter\u00a0tomado a segunda dose h\u00e1 6 meses ou mais, levar o cart\u00e3o, RG, CPF e comprovante de resid\u00eancia.<\/p>\n<p style=\"text-align: justify;\">Fonte: Diretoria de Comunica\u00e7\u00e3o<\/p>\n","protected":false},"excerpt":{"rendered":"<p>Quinta-feira 9\/09 Das 8h \u00e0s 13h: segundas doses agendadas (Igreja Assembleia de Deus) Das 13h \u00e0s 15h: terceira dose para pessoas com 90 anos ou mais (Igreja Assembleia de Deus) Das 17h \u00e0s 20h: Adolescentes com 13 anos completos (Policl\u00ednica) Sexta-feira 10\/09 8h \u00e0s 13h: segundas doses agendadas (Igreja Assembleia de Deus) 13h \u00e0s 15h: [&hellip;]<\/p>\n","protected":false},"author":1,"featured_media":53492,"comment_status":"closed","ping_status":"open","sticky":false,"template":"","format":"standard","meta":{"footnotes":""},"categories":[179,184,110],"tags":[],"class_list":["post-53491","post","type-post","status-publish","format-standard","has-post-thumbnail","hentry","category-cidadeseregiao","category-dracena","category-noticiasdestaque"],"_links":{"self":[{"href":"https:\/\/jorgezanoni.com.br\/2019\/wp-json\/wp\/v2\/posts\/53491","targetHints":{"allow":["GET"]}}],"collection":[{"href":"https:\/\/jorgezanoni.com.br\/2019\/wp-json\/wp\/v2\/posts"}],"about":[{"href":"https:\/\/jorgezanoni.com.br\/2019\/wp-json\/wp\/v2\/types\/post"}],"author":[{"embeddable":true,"href":"https:\/\/jorgezanoni.com.br\/2019\/wp-json\/wp\/v2\/users\/1"}],"replies":[{"embeddable":true,"href":"https:\/\/jorgezanoni.com.br\/2019\/wp-json\/wp\/v2\/comments?post=53491"}],"version-history":[{"count":0,"href":"https:\/\/jorgezanoni.com.br\/2019\/wp-json\/wp\/v2\/posts\/53491\/revisions"}],"wp:featuredmedia":[{"embeddable":true,"href":"https:\/\/jorgezanoni.com.br\/2019\/wp-json\/wp\/v2\/media\/53492"}],"wp:attachment":[{"href":"https:\/\/jorgezanoni.com.br\/2019\/wp-json\/wp\/v2\/media?parent=53491"}],"wp:term":[{"taxonomy":"category","embeddable":true,"href":"https:\/\/jorgezanoni.com.br\/2019\/wp-json\/wp\/v2\/categories?post=53491"},{"taxonomy":"post_tag","embeddable":true,"href":"https:\/\/jorgezanoni.com.br\/2019\/wp-json\/wp\/v2\/tags?post=53491"}],"curies":[{"name":"wp","href":"https:\/\/api.w.org\/{rel}","templated":true}]}}