{"id":53484,"date":"2021-09-08T16:01:54","date_gmt":"2021-09-08T16:01:54","guid":{"rendered":"https:\/\/jorgezanoni.com.br\/2019\/?p=53484"},"modified":"2021-09-08T16:02:41","modified_gmt":"2021-09-08T16:02:41","slug":"moradores-da-regiao-morrem-em-grave-acidente-com-caminhao-na-castelo-branco","status":"publish","type":"post","link":"https:\/\/jorgezanoni.com.br\/2019\/moradores-da-regiao-morrem-em-grave-acidente-com-caminhao-na-castelo-branco\/","title":{"rendered":"Moradores da regi\u00e3o morrem em grave acidente com caminh\u00e3o na Castello Branco"},"content":{"rendered":"<p style=\"text-align: justify;\">Dois moradores da cidade de Hercul\u00e2ndia morreram na madrugada desta quarta-feira, 08\/09, em um grave acidente envolvendo uma carreta e um caminh\u00e3o, na Rodovia Castello Branco, Km 297, trecho do munic\u00edpio de \u00c1guas de Santa B\u00e1rbara.<\/p>\n<p>A Pol\u00edcia Rodovi\u00e1ria informou que o acidente envolveu um caminh\u00e3o carregando bandejas de ovos, da empresa Trans Nunes, de Hercul\u00e2ndia, que transitava no sentido leste (do interior \u00e0 capital), e no local do acidente bateu na traseira de uma carreta canavieira, carregada cana-de-a\u00e7\u00facar.<\/p>\n<p style=\"text-align: justify;\"><img loading=\"lazy\" decoding=\"async\" class=\"aligncenter\" src=\"https:\/\/i0.wp.com\/cidadereal.net\/images\/fotosextras\/2%20(29).jpg?resize=500%2C500&amp;ssl=1\" width=\"500\" height=\"500\" \/> Ainda segundo a pol\u00edcia, o caminh\u00e3o onde estavam os dois herculandense pegou fogo e os dois ocupantes, Ricardo de Jesus e Guilherme, morreram carbonizados.<\/p>\n<p>Segundo a concession\u00e1ria que administra a rodovia, os ve\u00edculos envolvidos, at\u00e9 \u00e0s 11h30 n\u00e3o tinham sido retirados do local no acidente; a pista seguia interditada com desvio pelo canteiro central da rodovia.<\/p>\n<p style=\"text-align: justify;\"><img loading=\"lazy\" decoding=\"async\" class=\"aligncenter\" src=\"https:\/\/i1.wp.com\/cidadereal.net\/images\/fotosextras\/3%20(23).jpg?resize=499%2C504&amp;ssl=1\" width=\"499\" height=\"504\" data-recalc-dims=\"1\" \/>Nas redes sociais, colegas de trabalho lamentaram a morte de Ricardo e Guilherme.<\/p>\n<p style=\"text-align: justify;\">At\u00e9 o fechamento dessa reportagem ainda n\u00e3o havia previs\u00e3o divulgada para chegada dos corpos a Hercul\u00e2ndia, vel\u00f3rio e sepultamento.<\/p>\n<p style=\"text-align: justify;\">Fonte: cidadereal.net &#8211; Fotos: Facebook e G1<\/p>\n","protected":false},"excerpt":{"rendered":"<p>Dois moradores da cidade de Hercul\u00e2ndia morreram na madrugada desta quarta-feira, 08\/09, em um grave acidente envolvendo uma carreta e um caminh\u00e3o, na Rodovia Castello Branco, Km 297, trecho do munic\u00edpio de \u00c1guas de Santa B\u00e1rbara. A Pol\u00edcia Rodovi\u00e1ria informou que o acidente envolveu um caminh\u00e3o carregando bandejas de ovos, da empresa Trans Nunes, de [&hellip;]<\/p>\n","protected":false},"author":1,"featured_media":53485,"comment_status":"closed","ping_status":"open","sticky":false,"template":"","format":"standard","meta":{"footnotes":""},"categories":[170,110],"tags":[],"class_list":["post-53484","post","type-post","status-publish","format-standard","has-post-thumbnail","hentry","category-acidentes","category-noticiasdestaque"],"_links":{"self":[{"href":"https:\/\/jorgezanoni.com.br\/2019\/wp-json\/wp\/v2\/posts\/53484","targetHints":{"allow":["GET"]}}],"collection":[{"href":"https:\/\/jorgezanoni.com.br\/2019\/wp-json\/wp\/v2\/posts"}],"about":[{"href":"https:\/\/jorgezanoni.com.br\/2019\/wp-json\/wp\/v2\/types\/post"}],"author":[{"embeddable":true,"href":"https:\/\/jorgezanoni.com.br\/2019\/wp-json\/wp\/v2\/users\/1"}],"replies":[{"embeddable":true,"href":"https:\/\/jorgezanoni.com.br\/2019\/wp-json\/wp\/v2\/comments?post=53484"}],"version-history":[{"count":0,"href":"https:\/\/jorgezanoni.com.br\/2019\/wp-json\/wp\/v2\/posts\/53484\/revisions"}],"wp:featuredmedia":[{"embeddable":true,"href":"https:\/\/jorgezanoni.com.br\/2019\/wp-json\/wp\/v2\/media\/53485"}],"wp:attachment":[{"href":"https:\/\/jorgezanoni.com.br\/2019\/wp-json\/wp\/v2\/media?parent=53484"}],"wp:term":[{"taxonomy":"category","embeddable":true,"href":"https:\/\/jorgezanoni.com.br\/2019\/wp-json\/wp\/v2\/categories?post=53484"},{"taxonomy":"post_tag","embeddable":true,"href":"https:\/\/jorgezanoni.com.br\/2019\/wp-json\/wp\/v2\/tags?post=53484"}],"curies":[{"name":"wp","href":"https:\/\/api.w.org\/{rel}","templated":true}]}}