{"id":53481,"date":"2021-09-08T14:47:41","date_gmt":"2021-09-08T14:47:41","guid":{"rendered":"https:\/\/jorgezanoni.com.br\/2019\/?p=53481"},"modified":"2021-09-08T14:47:41","modified_gmt":"2021-09-08T14:47:41","slug":"eu-avisei-elle-nao-o-coiso-por-sergio-barbosa-2","status":"publish","type":"post","link":"https:\/\/jorgezanoni.com.br\/2019\/eu-avisei-elle-nao-o-coiso-por-sergio-barbosa-2\/","title":{"rendered":"Eu avisei&#8230; Elle n\u00e3o&#8230; O coiso&#8230; (por S\u00e9rgio Barbosa)"},"content":{"rendered":"<p style=\"text-align: justify;\"><strong>Eu avisei&#8230; Elle n\u00e3o&#8230; O coiso&#8230;<\/strong><\/p>\n<p style=\"text-align: justify;\"><strong><em>\u201cSomos o que pensamos. Tudo o que somos surge com nossos pensamentos. Com nossos pensamentos, fazemos o nosso mundo.\u201d (<\/em><\/strong><a href=\"https:\/\/www.pensador.com\/autor\/buda\/\"><strong><em>Buda<\/em><\/strong><\/a><strong><em>)<\/em><\/strong><strong>\u00a0<\/strong><\/p>\n<p style=\"text-align: justify;\"><strong>S\u00e9rgio Barbosa (*)<\/strong><\/p>\n<p style=\"text-align: justify;\">Isso mesmo, como sempre, existe dias que passam para o outro tempo do tempo e devem ficar bem longe da nossa MEM\u00d3RIA, tal qual este 7 DE SETEMBRO, tendo em vista que as MENTES BOVINAS sa\u00edram dos respectivos CERCADOS e seguiram o BERRANTE de um lado e a BUZINA do outro&#8230;<\/p>\n<p style=\"text-align: justify;\">Por\u00e9m, n\u00e3o se pode EXIGIR muito dessa MANADA que circulou como COBRA CEGA neste DIA e assim por diante, considerando que este \u00e9 um PA\u00cdS DO FAZ DE CONTA faz s\u00e9culos, haja vista que permaneceu COL\u00d4NIA de Portugal por mais de 300 anos&#8230;<\/p>\n<p style=\"text-align: justify;\">Portanto, tais MENTES BOVINAS fazem parte deste CEN\u00c1RIO com muitos COISOS com COISAS neste VELHO TEMPO NOVO, ainda, muitas FRASES DE EFEITO sem NO\u00c7\u00c3O dos FATOS HIST\u00d3RICOS que ocorreram no PASSADO&#8230;<\/p>\n<p style=\"text-align: justify;\">Todavia, pode-se registrar que s\u00e3o PALAVRAS AO VENTO nestes ocasos onde apenas o BERRANTE consegue GUIAR a MANADA, haja vista que os interesses s\u00e3o PAUTADOS pelo PODER ECON\u00d4MICO em todas as \u00e1reas deste PA\u00cdS DO FAZ DE CONTA&#8230;<\/p>\n<p style=\"text-align: justify;\">Al\u00e9m do mais em meio ao tudo de menos, NADA COMO UM DIA DEPOIS DO OUTRO pra fazer a diferen\u00e7a quanto ao MERCADO em tempo de PANDEMIA e com MILHARES DE MORTES na conta desde DESGOVERNO BOZZONARO&#8230;<\/p>\n<p style=\"text-align: justify;\">O denominado e idolatrado SENSO COMUM que predomina junto as MENTES BOVINAS s\u00e3o uma MARCA (sic) mais do que REGISTRADA nesta MANADA com a eterniza\u00e7\u00e3o do BERRANTE como S\u00cdMBOLO M\u00c1XIMO destes\/as ALOPRADOS\/AS e suas CAMISAS AMARELAS e BANDEIROLAS&#8230;<\/p>\n<p style=\"text-align: justify;\">Faz-se necess\u00e1rio estar em CONEX\u00c3O com os FATOS mediados pelas CI\u00caNCIAS HUMANAS para diversas aproxima\u00e7\u00f5es com a REFLEX\u00c3O CR\u00cdTICA frente \u00e0s propostas patrocinadas pelo DITO CUJO travestido de PRESIDENTE deste PA\u00cdS DO FAZ DE CONTA&#8230;<\/p>\n<p style=\"text-align: justify;\">Assim, QUEM SOBREVIVER VAI SABER e tudo pode ficar na MESMICE DE SEMPRE neste CEN\u00c1RIO do FAZ DE CONTA de anos e anos, ainda, n\u00e3o se pode deixar de lado que a M\u00cdDIA denominada de GRANDE IMPRENSA (sic), sempre esteve e continua SERVINDO aos interesses ECON\u00d4MICOS afins aos interesses comuns&#8230;<\/p>\n<p style=\"text-align: justify;\">Desta forma, deve-se ENFATIZAR que o RETROCESSO se faz presente desde o GOLPE que ocorreu faz alguns anos em nome dos mesmos de sempre, ou seja, do PODER INSTITUCIONALIZADO nas \u00e1reas patrocinadas pelo PODER em nome do PODER com o PODER&#8230;<\/p>\n<p style=\"text-align: justify;\">Tal REFLEX\u00c3O CR\u00cdTICA faz parte desta atual CONJUNTURA de um PA\u00cdS DO FAZ DE CONTA em tempo de P\u00d3S-GLOBALIZA\u00c7\u00c3O MIDI\u00c1TICA na perspectiva dos PROCESSOS focados na \u00e1rea ORGANIZACIONAL&#8230;<\/p>\n<p style=\"text-align: justify;\">Finalizando, entendo que as famigeradas MENTES BOVINAS devem continuar seguindo o BERRANTE deste DESGOVERNO BOZZONARO e assim, CAMINHA A HUMANIDADE neste PA\u00cdS DO FAZ DE CONTA&#8230;<\/p>\n<p style=\"text-align: justify;\"><strong><em>______________________________<\/em><\/strong><\/p>\n<p style=\"text-align: justify;\"><strong><em>(*) jornalista diplomado e professor universit\u00e1rio.<\/em><\/strong><\/p>\n<p style=\"text-align: justify;\"><strong><em>e-mail: barbosa.sebar@gmail.com\u00a0 <\/em><\/strong><\/p>\n<p>&nbsp;<\/p>\n","protected":false},"excerpt":{"rendered":"<p>Eu avisei&#8230; Elle n\u00e3o&#8230; O coiso&#8230; \u201cSomos o que pensamos. Tudo o que somos surge com nossos pensamentos. Com nossos pensamentos, fazemos o nosso mundo.\u201d (Buda)\u00a0 S\u00e9rgio Barbosa (*) Isso mesmo, como sempre, existe dias que passam para o outro tempo do tempo e devem ficar bem longe da nossa MEM\u00d3RIA, tal qual este 7 [&hellip;]<\/p>\n","protected":false},"author":1,"featured_media":53482,"comment_status":"closed","ping_status":"open","sticky":false,"template":"","format":"standard","meta":{"footnotes":""},"categories":[175],"tags":[],"class_list":["post-53481","post","type-post","status-publish","format-standard","has-post-thumbnail","hentry","category-artigos"],"_links":{"self":[{"href":"https:\/\/jorgezanoni.com.br\/2019\/wp-json\/wp\/v2\/posts\/53481","targetHints":{"allow":["GET"]}}],"collection":[{"href":"https:\/\/jorgezanoni.com.br\/2019\/wp-json\/wp\/v2\/posts"}],"about":[{"href":"https:\/\/jorgezanoni.com.br\/2019\/wp-json\/wp\/v2\/types\/post"}],"author":[{"embeddable":true,"href":"https:\/\/jorgezanoni.com.br\/2019\/wp-json\/wp\/v2\/users\/1"}],"replies":[{"embeddable":true,"href":"https:\/\/jorgezanoni.com.br\/2019\/wp-json\/wp\/v2\/comments?post=53481"}],"version-history":[{"count":0,"href":"https:\/\/jorgezanoni.com.br\/2019\/wp-json\/wp\/v2\/posts\/53481\/revisions"}],"wp:featuredmedia":[{"embeddable":true,"href":"https:\/\/jorgezanoni.com.br\/2019\/wp-json\/wp\/v2\/media\/53482"}],"wp:attachment":[{"href":"https:\/\/jorgezanoni.com.br\/2019\/wp-json\/wp\/v2\/media?parent=53481"}],"wp:term":[{"taxonomy":"category","embeddable":true,"href":"https:\/\/jorgezanoni.com.br\/2019\/wp-json\/wp\/v2\/categories?post=53481"},{"taxonomy":"post_tag","embeddable":true,"href":"https:\/\/jorgezanoni.com.br\/2019\/wp-json\/wp\/v2\/tags?post=53481"}],"curies":[{"name":"wp","href":"https:\/\/api.w.org\/{rel}","templated":true}]}}