{"id":53451,"date":"2021-09-07T16:54:54","date_gmt":"2021-09-07T16:54:54","guid":{"rendered":"https:\/\/jorgezanoni.com.br\/2019\/?p=53451"},"modified":"2021-09-07T16:55:52","modified_gmt":"2021-09-07T16:55:52","slug":"veiculo-desgovernado-atinge-poste-de-iluminacao-em-dracena","status":"publish","type":"post","link":"https:\/\/jorgezanoni.com.br\/2019\/veiculo-desgovernado-atinge-poste-de-iluminacao-em-dracena\/","title":{"rendered":"Ve\u00edculo desgovernado atinge poste de ilumina\u00e7\u00e3o em Dracena"},"content":{"rendered":"<p><strong>Acidente teria acontecido durante a madrugada deste feriado.<\/strong><\/p>\n<p style=\"text-align: justify;\">Aconteceu um acidente de tr\u00e2nsito na madrugada de hoje (7), na esquina da Avenida Presidente Vargas com Rua Leordino Silva Costa.<\/p>\n<p style=\"text-align: justify;\">At\u00e9 as primeiras horas do dia o ve\u00edculo Gol permanecia no local. N\u00e3o obtivemos informa\u00e7\u00e3o como aconteceu e nem se houve v\u00edtimas.<\/p>\n<p style=\"text-align: justify;\">A Pol\u00edcia dever\u00e1 apurar o caso.<\/p>\n<p><img loading=\"lazy\" decoding=\"async\" class=\"alignnone size-full wp-image-53452\" src=\"https:\/\/jorgezanoni.com.br\/2019\/wp-content\/uploads\/2021\/09\/aci.jpg\" alt=\"\" width=\"876\" height=\"1168\" srcset=\"https:\/\/jorgezanoni.com.br\/2019\/wp-content\/uploads\/2021\/09\/aci.jpg 876w, https:\/\/jorgezanoni.com.br\/2019\/wp-content\/uploads\/2021\/09\/aci-225x300.jpg 225w, https:\/\/jorgezanoni.com.br\/2019\/wp-content\/uploads\/2021\/09\/aci-768x1024.jpg 768w, https:\/\/jorgezanoni.com.br\/2019\/wp-content\/uploads\/2021\/09\/aci-696x928.jpg 696w, https:\/\/jorgezanoni.com.br\/2019\/wp-content\/uploads\/2021\/09\/aci-315x420.jpg 315w\" sizes=\"auto, (max-width: 876px) 100vw, 876px\" \/> <img loading=\"lazy\" decoding=\"async\" class=\"alignnone size-full wp-image-53454\" src=\"https:\/\/jorgezanoni.com.br\/2019\/wp-content\/uploads\/2021\/09\/aci2.jpg\" alt=\"\" width=\"1168\" height=\"876\" srcset=\"https:\/\/jorgezanoni.com.br\/2019\/wp-content\/uploads\/2021\/09\/aci2.jpg 1168w, https:\/\/jorgezanoni.com.br\/2019\/wp-content\/uploads\/2021\/09\/aci2-300x225.jpg 300w, https:\/\/jorgezanoni.com.br\/2019\/wp-content\/uploads\/2021\/09\/aci2-1024x768.jpg 1024w, https:\/\/jorgezanoni.com.br\/2019\/wp-content\/uploads\/2021\/09\/aci2-768x576.jpg 768w, https:\/\/jorgezanoni.com.br\/2019\/wp-content\/uploads\/2021\/09\/aci2-80x60.jpg 80w, https:\/\/jorgezanoni.com.br\/2019\/wp-content\/uploads\/2021\/09\/aci2-265x198.jpg 265w, https:\/\/jorgezanoni.com.br\/2019\/wp-content\/uploads\/2021\/09\/aci2-696x522.jpg 696w, https:\/\/jorgezanoni.com.br\/2019\/wp-content\/uploads\/2021\/09\/aci2-1068x801.jpg 1068w, https:\/\/jorgezanoni.com.br\/2019\/wp-content\/uploads\/2021\/09\/aci2-560x420.jpg 560w\" sizes=\"auto, (max-width: 1168px) 100vw, 1168px\" \/> <img loading=\"lazy\" decoding=\"async\" class=\"alignnone size-full wp-image-53455\" src=\"https:\/\/jorgezanoni.com.br\/2019\/wp-content\/uploads\/2021\/09\/aci3-2.jpg\" alt=\"\" width=\"863\" height=\"802\" srcset=\"https:\/\/jorgezanoni.com.br\/2019\/wp-content\/uploads\/2021\/09\/aci3-2.jpg 863w, https:\/\/jorgezanoni.com.br\/2019\/wp-content\/uploads\/2021\/09\/aci3-2-300x279.jpg 300w, https:\/\/jorgezanoni.com.br\/2019\/wp-content\/uploads\/2021\/09\/aci3-2-768x714.jpg 768w, https:\/\/jorgezanoni.com.br\/2019\/wp-content\/uploads\/2021\/09\/aci3-2-696x647.jpg 696w, https:\/\/jorgezanoni.com.br\/2019\/wp-content\/uploads\/2021\/09\/aci3-2-452x420.jpg 452w\" sizes=\"auto, (max-width: 863px) 100vw, 863px\" \/> <img loading=\"lazy\" decoding=\"async\" class=\"alignnone size-full wp-image-53456\" src=\"https:\/\/jorgezanoni.com.br\/2019\/wp-content\/uploads\/2021\/09\/acid4.jpg\" alt=\"\" width=\"816\" height=\"459\" srcset=\"https:\/\/jorgezanoni.com.br\/2019\/wp-content\/uploads\/2021\/09\/acid4.jpg 816w, https:\/\/jorgezanoni.com.br\/2019\/wp-content\/uploads\/2021\/09\/acid4-300x169.jpg 300w, https:\/\/jorgezanoni.com.br\/2019\/wp-content\/uploads\/2021\/09\/acid4-768x432.jpg 768w, https:\/\/jorgezanoni.com.br\/2019\/wp-content\/uploads\/2021\/09\/acid4-696x392.jpg 696w, https:\/\/jorgezanoni.com.br\/2019\/wp-content\/uploads\/2021\/09\/acid4-747x420.jpg 747w\" sizes=\"auto, (max-width: 816px) 100vw, 816px\" \/><\/p>\n<p style=\"text-align: justify;\">Jorge Zanoni<\/p>\n<p style=\"text-align: justify;\">Fotos de Internauta<\/p>\n","protected":false},"excerpt":{"rendered":"<p>Acidente teria acontecido durante a madrugada deste feriado. Aconteceu um acidente de tr\u00e2nsito na madrugada de hoje (7), na esquina da Avenida Presidente Vargas com Rua Leordino Silva Costa. At\u00e9 as primeiras horas do dia o ve\u00edculo Gol permanecia no local. N\u00e3o obtivemos informa\u00e7\u00e3o como aconteceu e nem se houve v\u00edtimas. A Pol\u00edcia dever\u00e1 apurar [&hellip;]<\/p>\n","protected":false},"author":1,"featured_media":53457,"comment_status":"closed","ping_status":"open","sticky":false,"template":"","format":"standard","meta":{"footnotes":""},"categories":[170,110],"tags":[],"class_list":["post-53451","post","type-post","status-publish","format-standard","has-post-thumbnail","hentry","category-acidentes","category-noticiasdestaque"],"_links":{"self":[{"href":"https:\/\/jorgezanoni.com.br\/2019\/wp-json\/wp\/v2\/posts\/53451","targetHints":{"allow":["GET"]}}],"collection":[{"href":"https:\/\/jorgezanoni.com.br\/2019\/wp-json\/wp\/v2\/posts"}],"about":[{"href":"https:\/\/jorgezanoni.com.br\/2019\/wp-json\/wp\/v2\/types\/post"}],"author":[{"embeddable":true,"href":"https:\/\/jorgezanoni.com.br\/2019\/wp-json\/wp\/v2\/users\/1"}],"replies":[{"embeddable":true,"href":"https:\/\/jorgezanoni.com.br\/2019\/wp-json\/wp\/v2\/comments?post=53451"}],"version-history":[{"count":0,"href":"https:\/\/jorgezanoni.com.br\/2019\/wp-json\/wp\/v2\/posts\/53451\/revisions"}],"wp:featuredmedia":[{"embeddable":true,"href":"https:\/\/jorgezanoni.com.br\/2019\/wp-json\/wp\/v2\/media\/53457"}],"wp:attachment":[{"href":"https:\/\/jorgezanoni.com.br\/2019\/wp-json\/wp\/v2\/media?parent=53451"}],"wp:term":[{"taxonomy":"category","embeddable":true,"href":"https:\/\/jorgezanoni.com.br\/2019\/wp-json\/wp\/v2\/categories?post=53451"},{"taxonomy":"post_tag","embeddable":true,"href":"https:\/\/jorgezanoni.com.br\/2019\/wp-json\/wp\/v2\/tags?post=53451"}],"curies":[{"name":"wp","href":"https:\/\/api.w.org\/{rel}","templated":true}]}}