{"id":53437,"date":"2021-09-07T02:45:50","date_gmt":"2021-09-07T02:45:50","guid":{"rendered":"https:\/\/jorgezanoni.com.br\/2019\/?p=53437"},"modified":"2021-09-07T02:45:50","modified_gmt":"2021-09-07T02:45:50","slug":"hoje-comemoramos-a-independencia-do-brasil","status":"publish","type":"post","link":"https:\/\/jorgezanoni.com.br\/2019\/hoje-comemoramos-a-independencia-do-brasil\/","title":{"rendered":"Hoje comemoramos a &#8220;Independ\u00eancia do Brasil&#8221;"},"content":{"rendered":"<p style=\"text-align: justify;\">O\u00a0<b>Dia da Independ\u00eancia<\/b>\u00a0(tamb\u00e9m chamado\u00a0<b>Dia da Independ\u00eancia do Brasil<\/b>,\u00a0<b>Sete<\/b>\u00a0<b>de setembro<\/b>, e\u00a0<b>Dia da P\u00e1tria<\/b>) \u00e9 um\u00a0<a title=\"Feriado nacional\" href=\"https:\/\/pt.wikipedia.org\/wiki\/Feriado_nacional\">feriado nacional<\/a>\u00a0do\u00a0<a title=\"Brasil\" href=\"https:\/\/pt.wikipedia.org\/wiki\/Brasil\">Brasil<\/a>\u00a0celebrado no dia\u00a0<a title=\"7 de setembro\" href=\"https:\/\/pt.wikipedia.org\/wiki\/7_de_setembro\">7 de setembro<\/a>\u00a0de cada\u00a0<a title=\"Ano\" href=\"https:\/\/pt.wikipedia.org\/wiki\/Ano\">ano<\/a>. A data comemora a\u00a0<a title=\"Independ\u00eancia do Brasil\" href=\"https:\/\/pt.wikipedia.org\/wiki\/Independ%C3%AAncia_do_Brasil\">Declara\u00e7\u00e3o de Independ\u00eancia do Brasil<\/a>\u00a0do\u00a0<a title=\"Imp\u00e9rio Portugu\u00eas\" href=\"https:\/\/pt.wikipedia.org\/wiki\/Imp%C3%A9rio_Portugu%C3%AAs\">Imp\u00e9rio Portugu\u00eas<\/a>\u00a0no dia\u00a0<a title=\"7 de setembro\" href=\"https:\/\/pt.wikipedia.org\/wiki\/7_de_setembro\">7 de setembro<\/a>\u00a0de\u00a0<a title=\"1822\" href=\"https:\/\/pt.wikipedia.org\/wiki\/1822\">1822<\/a>.<\/p>\n<h2 style=\"text-align: justify;\"><span id=\"Origem\" class=\"mw-headline\">Origem<\/span><\/h2>\n<p style=\"text-align: justify;\">Em 1808, tropas francesas comandadas pelo imperador\u00a0<a title=\"Napole\u00e3o Bonaparte\" href=\"https:\/\/pt.wikipedia.org\/wiki\/Napole%C3%A3o_Bonaparte\">Napole\u00e3o Bonaparte<\/a>\u00a0invadiram Portugal como forma de retalia\u00e7\u00e3o ao pa\u00eds ib\u00e9rico por sua recusa em participar do embargo comercial contra o\u00a0<a title=\"Reino Unido\" href=\"https:\/\/pt.wikipedia.org\/wiki\/Reino_Unido\">Reino Unido<\/a>. Fugindo da persegui\u00e7\u00e3o, a\u00a0<a class=\"mw-redirect\" title=\"Fam\u00edlia real portuguesa\" href=\"https:\/\/pt.wikipedia.org\/wiki\/Fam%C3%ADlia_real_portuguesa\">fam\u00edlia real portuguesa<\/a>\u00a0<a title=\"Transfer\u00eancia da corte portuguesa para o Brasil\" href=\"https:\/\/pt.wikipedia.org\/wiki\/Transfer%C3%AAncia_da_corte_portuguesa_para_o_Brasil\">transferiu a corte portuguesa<\/a>\u00a0de\u00a0<a title=\"Lisboa\" href=\"https:\/\/pt.wikipedia.org\/wiki\/Lisboa\">Lisboa<\/a>\u00a0para o\u00a0<a class=\"mw-redirect\" title=\"Rio de Janeiro (cidade)\" href=\"https:\/\/pt.wikipedia.org\/wiki\/Rio_de_Janeiro_(cidade)\">Rio de Janeiro<\/a>, ent\u00e3o capital do\u00a0<a class=\"mw-redirect\" title=\"Brasil Col\u00f4nia\" href=\"https:\/\/pt.wikipedia.org\/wiki\/Brasil_Col%C3%B4nia\">Brasil Col\u00f4nia<\/a>. Em 1815, o\u00a0<a title=\"Pr\u00edncipe Regente do Brasil\" href=\"https:\/\/pt.wikipedia.org\/wiki\/Pr%C3%ADncipe_Regente_do_Brasil\">pr\u00edncipe regente<\/a>\u00a0<a title=\"Jo\u00e3o VI de Portugal\" href=\"https:\/\/pt.wikipedia.org\/wiki\/Jo%C3%A3o_VI_de_Portugal\">D. Jo\u00e3o VI<\/a>\u00a0criou o\u00a0<a title=\"Reino Unido de Portugal, Brasil e Algarves\" href=\"https:\/\/pt.wikipedia.org\/wiki\/Reino_Unido_de_Portugal,_Brasil_e_Algarves\">Reino Unido de Portugal, Brasil e Algarves<\/a>, elevando o Brasil \u00e0 condi\u00e7\u00e3o de\u00a0<a title=\"Monarquia\" href=\"https:\/\/pt.wikipedia.org\/wiki\/Monarquia\">reino<\/a>\u00a0subordinado a Portugal, aumentando as independ\u00eancias administrativas da col\u00f4nia.<\/p>\n<p style=\"text-align: justify;\">Em 1820, uma\u00a0<a title=\"Revolu\u00e7\u00e3o liberal do Porto\" href=\"https:\/\/pt.wikipedia.org\/wiki\/Revolu%C3%A7%C3%A3o_liberal_do_Porto\">revolu\u00e7\u00e3o pol\u00edtica<\/a>\u00a0irrompeu em Portugal, for\u00e7ando o retorno da fam\u00edlia real. O herdeiro de D. Jo\u00e3o VI, o pr\u00edncipe\u00a0<a title=\"Pedro I do Brasil\" href=\"https:\/\/pt.wikipedia.org\/wiki\/Pedro_I_do_Brasil\">D. Pedro de Alc\u00e2ntara<\/a>, permaneceu no Brasil.<\/p>\n<p style=\"text-align: justify;\"><a title=\"Pernambuco\" href=\"https:\/\/pt.wikipedia.org\/wiki\/Pernambuco\">Pernambuco<\/a>\u00a0foi a primeira prov\u00edncia brasileira a se separar do Reino de Portugal. No dia\u00a0<a title=\"29 de agosto\" href=\"https:\/\/pt.wikipedia.org\/wiki\/29_de_agosto\">29 de agosto<\/a>\u00a0de\u00a0<a title=\"1821\" href=\"https:\/\/pt.wikipedia.org\/wiki\/1821\">1821<\/a>, teve in\u00edcio um movimento armado contra o governo do capit\u00e3o general\u00a0<a title=\"Lu\u00eds do Rego Barreto\" href=\"https:\/\/pt.wikipedia.org\/wiki\/Lu%C3%ADs_do_Rego_Barreto\">Lu\u00eds do Rego Barreto<\/a>\u00a0\u2014 o algoz da\u00a0<a title=\"Revolu\u00e7\u00e3o Pernambucana\" href=\"https:\/\/pt.wikipedia.org\/wiki\/Revolu%C3%A7%C3%A3o_Pernambucana\">Revolu\u00e7\u00e3o Pernambucana<\/a>\u00a0\u2014, culminando com a forma\u00e7\u00e3o da\u00a0<a title=\"Junta governativa pernambucana de 1821-1822\" href=\"https:\/\/pt.wikipedia.org\/wiki\/Junta_governativa_pernambucana_de_1821-1822\">Junta de Goiana<\/a>, tornando-se vitorioso com a rendi\u00e7\u00e3o das tropas portuguesas em capitula\u00e7\u00e3o assinada a\u00a0<a title=\"5 de outubro\" href=\"https:\/\/pt.wikipedia.org\/wiki\/5_de_outubro\">5 de outubro<\/a>\u00a0do mesmo ano, quando da Conven\u00e7\u00e3o do Beberibe, respons\u00e1vel pela expuls\u00e3o dos ex\u00e9rcitos portugueses do territ\u00f3rio pernambucano. O Movimento Constitucionalista de 1821 \u00e9 considerado o primeiro epis\u00f3dio da Independ\u00eancia do Brasil.<sup id=\"cite_ref-Beberibe_1-0\" class=\"reference\"><a href=\"https:\/\/pt.wikipedia.org\/wiki\/Dia_da_Independ%C3%AAncia_(Brasil)#cite_note-Beberibe-1\">[1]<\/a><\/sup><sup id=\"cite_ref-2\" class=\"reference\"><a href=\"https:\/\/pt.wikipedia.org\/wiki\/Dia_da_Independ%C3%AAncia_(Brasil)#cite_note-2\">[2]<\/a><\/sup><sup id=\"cite_ref-3\" class=\"reference\"><a href=\"https:\/\/pt.wikipedia.org\/wiki\/Dia_da_Independ%C3%AAncia_(Brasil)#cite_note-3\">[3]<\/a><\/sup><sup id=\"cite_ref-4\" class=\"reference\"><a href=\"https:\/\/pt.wikipedia.org\/wiki\/Dia_da_Independ%C3%AAncia_(Brasil)#cite_note-4\">[4]<\/a><\/sup><\/p>\n<p style=\"text-align: justify;\">Tamb\u00e9m em 1821, a Assembleia Legislativa portuguesa determinou que o Brasil retornasse \u00e0 sua condi\u00e7\u00e3o anterior de subordina\u00e7\u00e3o, assim como o retorno imediato do pr\u00edncipe herdeiro do trono portugu\u00eas. Dom Pedro, influenciado pelo Senado da C\u00e2mara do Rio de Janeiro se recusou a retornar em 9 de janeiro de 1822, na data que ficaria conhecida como\u00a0<a title=\"Dia do Fico\" href=\"https:\/\/pt.wikipedia.org\/wiki\/Dia_do_Fico\">Dia do Fico<\/a>.<\/p>\n<div class=\"thumb tleft\" style=\"text-align: justify;\">\n<div class=\"thumbinner\"><a class=\"image\" href=\"https:\/\/pt.wikipedia.org\/wiki\/Ficheiro:Pedro_Am%C3%A9rico_-_Independ%C3%AAncia_ou_Morte_-_Google_Art_Project.jpg\"><img loading=\"lazy\" decoding=\"async\" class=\"thumbimage\" src=\"https:\/\/upload.wikimedia.org\/wikipedia\/commons\/thumb\/7\/7e\/Pedro_Am%C3%A9rico_-_Independ%C3%AAncia_ou_Morte_-_Google_Art_Project.jpg\/330px-Pedro_Am%C3%A9rico_-_Independ%C3%AAncia_ou_Morte_-_Google_Art_Project.jpg\" srcset=\"\/\/upload.wikimedia.org\/wikipedia\/commons\/thumb\/7\/7e\/Pedro_Am%C3%A9rico_-_Independ%C3%AAncia_ou_Morte_-_Google_Art_Project.jpg\/495px-Pedro_Am%C3%A9rico_-_Independ%C3%AAncia_ou_Morte_-_Google_Art_Project.jpg 1.5x, \/\/upload.wikimedia.org\/wikipedia\/commons\/thumb\/7\/7e\/Pedro_Am%C3%A9rico_-_Independ%C3%AAncia_ou_Morte_-_Google_Art_Project.jpg\/660px-Pedro_Am%C3%A9rico_-_Independ%C3%AAncia_ou_Morte_-_Google_Art_Project.jpg 2x\" alt=\"\" width=\"330\" height=\"176\" data-file-width=\"34130\" data-file-height=\"18254\" \/><\/a>Pr\u00edncipe Pedro declarando a <a title=\"Independ\u00eancia do Brasil\" href=\"https:\/\/pt.wikipedia.org\/wiki\/Independ%C3%AAncia_do_Brasil\">Independ\u00eancia do Brasil<\/a>\u00a0em 7 de setembro de 1822, conforme retratado na tela &#8220;Independ\u00eancia ou Morte&#8221; (1888) de\u00a0<a title=\"Pedro Am\u00e9rico\" href=\"https:\/\/pt.wikipedia.org\/wiki\/Pedro_Am%C3%A9rico\">Pedro Am\u00e9rico<\/a>.<\/div>\n<\/div>\n<p style=\"text-align: justify;\">Em 2 de junho de 1822, Dom Pedro I convocou a primeira Assembleia Constituinte brasileira.<sup id=\"cite_ref-uol_5-0\" class=\"reference\"><a href=\"https:\/\/pt.wikipedia.org\/wiki\/Dia_da_Independ%C3%AAncia_(Brasil)#cite_note-uol-5\">[5]<\/a><\/sup>\u00a0Em 1\u00ba de agosto, declarou inimigas as tropas portuguesas que desembarcassem no Brasil e, dias depois, assinou o Manifesto \u00e0s Na\u00e7\u00f5es Amigas, justificando o rompimento das rela\u00e7\u00f5es com a corte de Lisboa e garantindo a independ\u00eancia do pa\u00eds, como reino irm\u00e3o de Portugal.<sup id=\"cite_ref-uol_5-1\" class=\"reference\"><a href=\"https:\/\/pt.wikipedia.org\/wiki\/Dia_da_Independ%C3%AAncia_(Brasil)#cite_note-uol-5\">[5]<\/a><\/sup><\/p>\n<p style=\"text-align: justify;\">Em 2 de setembro de 1822, um novo decreto com as exig\u00eancias portuguesas chegou ao Rio de Janeiro, enquanto D. Pedro estava em viagem a\u00a0<a title=\"S\u00e3o Paulo (estado)\" href=\"https:\/\/pt.wikipedia.org\/wiki\/S%C3%A3o_Paulo_(estado)\">S\u00e3o Paulo<\/a>. Sua esposa, a princesa\u00a0<a title=\"Maria Leopoldina de \u00c1ustria\" href=\"https:\/\/pt.wikipedia.org\/wiki\/Maria_Leopoldina_de_%C3%81ustria\">Maria Leopoldina<\/a>, atuando como princesa regente, se encontrou com o Conselho de Ministros e decidiu enviar ao marido uma carta aconselhando-o a declarar a independ\u00eancia do Brasil. A carta chegou a D. Pedro no dia 7 de setembro. No mesmo dia, em cena famosa \u00e0s margens do\u00a0<a title=\"Riacho do Ipiranga\" href=\"https:\/\/pt.wikipedia.org\/wiki\/Riacho_do_Ipiranga\">Riacho Ipiranga<\/a>, ele declarou a independ\u00eancia do Brasil, pondo fim aos 322 anos do dom\u00ednio colonial exercido por\u00a0<a title=\"Portugal\" href=\"https:\/\/pt.wikipedia.org\/wiki\/Portugal\">Portugal<\/a>. De acordo com o pesquisador\u00a0<a title=\"Laurentino Gomes\" href=\"https:\/\/pt.wikipedia.org\/wiki\/Laurentino_Gomes\">Laurentino Gomes<\/a>, autor de livro sobre o evento, D. Pedro &#8220;n\u00e3o conseguiu esperar a chegada a\u00a0<a class=\"mw-redirect\" title=\"S\u00e3o Paulo (cidade)\" href=\"https:\/\/pt.wikipedia.org\/wiki\/S%C3%A3o_Paulo_(cidade)\">S\u00e3o Paulo<\/a>, onde poderia anunciar a decis\u00e3o&#8221;.<sup id=\"cite_ref-OESP_6-0\" class=\"reference\"><a href=\"https:\/\/pt.wikipedia.org\/wiki\/Dia_da_Independ%C3%AAncia_(Brasil)#cite_note-OESP-6\">[6]<\/a><\/sup>\u00a0Gomes acrescenta que ele &#8220;era um homem temer\u00e1rio em suas decis\u00f5es mas tinha o perfil do l\u00edder que o Brasil precisava na \u00e9poca, pois n\u00e3o havia tempo para se pensar&#8221;.<sup id=\"cite_ref-OESP_6-1\" class=\"reference\"><a href=\"https:\/\/pt.wikipedia.org\/wiki\/Dia_da_Independ%C3%AAncia_(Brasil)#cite_note-OESP-6\">[6]<\/a><\/sup><\/p>\n<p style=\"text-align: justify;\">Um m\u00eas depois, em 12 de outubro de 1822, Dom Pedro foi aclamado imperador e, em 1\u00ba de dezembro, coroado pelo bispo do Rio de Janeiro, recebendo o t\u00edtulo de Dom Pedro I.<sup id=\"cite_ref-uol_5-2\" class=\"reference\"><a href=\"https:\/\/pt.wikipedia.org\/wiki\/Dia_da_Independ%C3%AAncia_(Brasil)#cite_note-uol-5\">[5]<\/a><\/sup>\u00a0As prov\u00edncias da\u00a0<a title=\"Bahia\" href=\"https:\/\/pt.wikipedia.org\/wiki\/Bahia\">Bahia<\/a>, do\u00a0<a title=\"Maranh\u00e3o\" href=\"https:\/\/pt.wikipedia.org\/wiki\/Maranh%C3%A3o\">Maranh\u00e3o<\/a>\u00a0e do\u00a0<a title=\"Par\u00e1\" href=\"https:\/\/pt.wikipedia.org\/wiki\/Par%C3%A1\">Par\u00e1<\/a>, que tinham juntas governantes de maioria portuguesa, s\u00f3 reconheceram a independ\u00eancia em 1823, depois de muitos conflitos entre a popula\u00e7\u00e3o local e os soldados portugueses.<sup id=\"cite_ref-uol_5-3\" class=\"reference\"><a href=\"https:\/\/pt.wikipedia.org\/wiki\/Dia_da_Independ%C3%AAncia_(Brasil)#cite_note-uol-5\">[5]<\/a><\/sup><\/p>\n<p style=\"text-align: justify;\">No in\u00edcio de 1823, houve elei\u00e7\u00f5es para a Assembleia Constituinte que elaboraria e aprovaria a Carta constitucional do\u00a0<a title=\"Imp\u00e9rio do Brasil\" href=\"https:\/\/pt.wikipedia.org\/wiki\/Imp%C3%A9rio_do_Brasil\">Imp\u00e9rio do Brasil<\/a>, mas, em virtude de diverg\u00eancias com dom Pedro, a Assembleia logo foi fechada.<sup id=\"cite_ref-uol_5-4\" class=\"reference\"><a href=\"https:\/\/pt.wikipedia.org\/wiki\/Dia_da_Independ%C3%AAncia_(Brasil)#cite_note-uol-5\">[5]<\/a><\/sup>\u00a0A 1\u00aa Constitui\u00e7\u00e3o brasileira foi, ent\u00e3o, elaborada pelo Conselho de Ministros e outorgada pelo imperador em 20 de mar\u00e7o de 1824.<sup id=\"cite_ref-uol_5-5\" class=\"reference\"><a href=\"https:\/\/pt.wikipedia.org\/wiki\/Dia_da_Independ%C3%AAncia_(Brasil)#cite_note-uol-5\">[5]<\/a><\/sup>\u00a0Com a Constitui\u00e7\u00e3o em vigor, a separa\u00e7\u00e3o entre a col\u00f4nia e a metr\u00f3pole foi finalmente concretizada.<sup id=\"cite_ref-uol_5-6\" class=\"reference\"><a href=\"https:\/\/pt.wikipedia.org\/wiki\/Dia_da_Independ%C3%AAncia_(Brasil)#cite_note-uol-5\">[5]<\/a><\/sup>\u00a0Mesmo assim, a independ\u00eancia s\u00f3 \u00e9 reconhecida por Portugal em 1825, com a assinatura do Tratado de Paz e Alian\u00e7a entre Portugal e Brasil, por D. Jo\u00e3o VI.<sup id=\"cite_ref-uol_5-7\" class=\"reference\"><a href=\"https:\/\/pt.wikipedia.org\/wiki\/Dia_da_Independ%C3%AAncia_(Brasil)#cite_note-uol-5\">[5]<\/a><\/sup><\/p>\n<h2 style=\"text-align: justify;\"><span id=\"Legisla.C3.A7.C3.A3o\"><\/span><span id=\"Legisla\u00e7\u00e3o\" class=\"mw-headline\">Legisla\u00e7\u00e3o<\/span><\/h2>\n<ul style=\"text-align: justify;\">\n<li>O deputado federal, pela Liga Eleitoral Cat\u00f3lica (LEC), Lu\u00eds Cavalcante Sucupira, nascido em Fortaleza, Cear\u00e1, apresentou \u00e0 C\u00e2mara dos Deputados, em setembro de 1934, o projeto lei que institu\u00eda o dia 7 de setembro o dia da p\u00e1tria. Aprovado por unanimidade foi transformado no Decreto n\u00b0 7 de 20 de novembro de 1934.<sup id=\"cite_ref-7\" class=\"reference\"><a href=\"https:\/\/pt.wikipedia.org\/wiki\/Dia_da_Independ%C3%AAncia_(Brasil)#cite_note-7\">[7]<\/a><\/sup><\/li>\n<li>A lei federal n\u00famero 662, publicada em 7 de abril de 1949, tornou o Dia da Independ\u00eancia um\u00a0<a title=\"Feriados no Brasil\" href=\"https:\/\/pt.wikipedia.org\/wiki\/Feriados_no_Brasil\">feriado nacional<\/a>.<sup id=\"cite_ref-8\" class=\"reference\"><a href=\"https:\/\/pt.wikipedia.org\/wiki\/Dia_da_Independ%C3%AAncia_(Brasil)#cite_note-8\">[8]<\/a><\/sup><sup id=\"cite_ref-9\" class=\"reference\"><a href=\"https:\/\/pt.wikipedia.org\/wiki\/Dia_da_Independ%C3%AAncia_(Brasil)#cite_note-9\">[9]<\/a><\/sup><\/li>\n<li>A lei federal n\u00famero 5 571, publicada em 26 de novembro de 1969, estabeleceu o protocolo para as comemora\u00e7\u00f5es do Dia da Independ\u00eancia.<sup id=\"cite_ref-10\" class=\"reference\"><a href=\"https:\/\/pt.wikipedia.org\/wiki\/Dia_da_Independ%C3%AAncia_(Brasil)#cite_note-10\">[10]<\/a><\/sup><\/li>\n<\/ul>\n<h2 style=\"text-align: justify;\"><span id=\"Comemora.C3.A7.C3.B5es\"><\/span><span id=\"Comemora\u00e7\u00f5es\" class=\"mw-headline\">Comemora\u00e7\u00f5es<\/span><\/h2>\n<div class=\"thumb tright\" style=\"text-align: justify;\">\n<div class=\"thumbinner\"><a class=\"image\" href=\"https:\/\/pt.wikipedia.org\/wiki\/Ficheiro:7_de_setembro_2007_sambodromo.jpg\"><img loading=\"lazy\" decoding=\"async\" class=\"thumbimage\" src=\"https:\/\/upload.wikimedia.org\/wikipedia\/commons\/thumb\/4\/4e\/7_de_setembro_2007_sambodromo.jpg\/220px-7_de_setembro_2007_sambodromo.jpg\" srcset=\"\/\/upload.wikimedia.org\/wikipedia\/commons\/thumb\/4\/4e\/7_de_setembro_2007_sambodromo.jpg\/330px-7_de_setembro_2007_sambodromo.jpg 1.5x, \/\/upload.wikimedia.org\/wikipedia\/commons\/thumb\/4\/4e\/7_de_setembro_2007_sambodromo.jpg\/440px-7_de_setembro_2007_sambodromo.jpg 2x\" alt=\"\" width=\"220\" height=\"147\" data-file-width=\"3504\" data-file-height=\"2336\" \/><\/a>Desfile no <a title=\"Samb\u00f3dromo do Anhembi\" href=\"https:\/\/pt.wikipedia.org\/wiki\/Samb%C3%B3dromo_do_Anhembi\">Samb\u00f3dromo do Anhembi<\/a>, em\u00a0<a class=\"mw-redirect\" title=\"S\u00e3o Paulo (cidade)\" href=\"https:\/\/pt.wikipedia.org\/wiki\/S%C3%A3o_Paulo_(cidade)\">S\u00e3o Paulo<\/a><\/div>\n<div><\/div>\n<\/div>\n<div class=\"thumb tright\" style=\"text-align: justify;\">\n<div class=\"thumbinner\"><a class=\"image\" href=\"https:\/\/pt.wikipedia.org\/wiki\/Ficheiro:Brazilian_Army_Parade.jpeg\"><img loading=\"lazy\" decoding=\"async\" class=\"thumbimage\" src=\"https:\/\/upload.wikimedia.org\/wikipedia\/commons\/thumb\/d\/d8\/Brazilian_Army_Parade.jpeg\/220px-Brazilian_Army_Parade.jpeg\" srcset=\"\/\/upload.wikimedia.org\/wikipedia\/commons\/thumb\/d\/d8\/Brazilian_Army_Parade.jpeg\/330px-Brazilian_Army_Parade.jpeg 1.5x, \/\/upload.wikimedia.org\/wikipedia\/commons\/thumb\/d\/d8\/Brazilian_Army_Parade.jpeg\/440px-Brazilian_Army_Parade.jpeg 2x\" alt=\"\" width=\"220\" height=\"144\" data-file-width=\"1999\" data-file-height=\"1311\" \/><\/a>Soldados do <a title=\"Ex\u00e9rcito Brasileiro\" href=\"https:\/\/pt.wikipedia.org\/wiki\/Ex%C3%A9rcito_Brasileiro\">Ex\u00e9rcito<\/a>\u00a0na\u00a0<a class=\"mw-redirect\" title=\"Esplanada dos Minist\u00e9rios\" href=\"https:\/\/pt.wikipedia.org\/wiki\/Esplanada_dos_Minist%C3%A9rios\">Esplanada dos Minist\u00e9rios<\/a>, em\u00a0<a title=\"Bras\u00edlia\" href=\"https:\/\/pt.wikipedia.org\/wiki\/Bras%C3%ADlia\">Bras\u00edlia<\/a>.<\/div>\n<\/div>\n<h3 style=\"text-align: justify;\"><span id=\"No_Brasil\" class=\"mw-headline\">No Brasil<\/span><\/h3>\n<p style=\"text-align: justify;\">O Dia da Independ\u00eancia \u00e9 marcado por desfiles patri\u00f3ticos na maioria das cidades brasileiras<sup id=\"cite_ref-11\" class=\"reference\"><a href=\"https:\/\/pt.wikipedia.org\/wiki\/Dia_da_Independ%C3%AAncia_(Brasil)#cite_note-11\">[11]<\/a><\/sup>. O mais famoso deles ocorre em\u00a0<a title=\"Bras\u00edlia\" href=\"https:\/\/pt.wikipedia.org\/wiki\/Bras%C3%ADlia\">Bras\u00edlia<\/a>, na\u00a0<a class=\"mw-redirect\" title=\"Esplanada dos Minist\u00e9rios\" href=\"https:\/\/pt.wikipedia.org\/wiki\/Esplanada_dos_Minist%C3%A9rios\">Esplanada dos Minist\u00e9rios<\/a>, com a presen\u00e7a do\u00a0<a title=\"Presidente do Brasil\" href=\"https:\/\/pt.wikipedia.org\/wiki\/Presidente_do_Brasil\">Presidente da Rep\u00fablica<\/a>, que faz uma revista \u00e0s tropas.<sup id=\"cite_ref-12\" class=\"reference\"><a href=\"https:\/\/pt.wikipedia.org\/wiki\/Dia_da_Independ%C3%AAncia_(Brasil)#cite_note-12\">[12]<\/a><\/sup><sup id=\"cite_ref-13\" class=\"reference\"><a href=\"https:\/\/pt.wikipedia.org\/wiki\/Dia_da_Independ%C3%AAncia_(Brasil)#cite_note-13\">[13]<\/a><\/sup><\/p>\n<p style=\"text-align: justify;\">Desfiles similares ocorrem em todas as\u00a0<a title=\"Lista de capitais do Brasil\" href=\"https:\/\/pt.wikipedia.org\/wiki\/Lista_de_capitais_do_Brasil\">capitais estaduais<\/a>, com a presen\u00e7a dos respectivos governadores, e em v\u00e1rias outras cidades em todo o pa\u00eds.<\/p>\n<h3 style=\"text-align: justify;\"><span id=\"No_exterior\" class=\"mw-headline\">No exterior<\/span><\/h3>\n<p style=\"text-align: justify;\">Em\u00a0<a class=\"mw-redirect\" title=\"Nova York\" href=\"https:\/\/pt.wikipedia.org\/wiki\/Nova_York\">Nova York<\/a>, nos\u00a0<a title=\"Estados Unidos\" href=\"https:\/\/pt.wikipedia.org\/wiki\/Estados_Unidos\">Estados Unidos<\/a>, o evento\u00a0<i><a title=\"Brazilian Day\" href=\"https:\/\/pt.wikipedia.org\/wiki\/Brazilian_Day\">Brazilian Day<\/a><\/i>\u00a0ocorre todos os anos para celebrar o Dia da Independ\u00eancia do Brasil.<sup id=\"cite_ref-BDNY_14-0\" class=\"reference\"><a href=\"https:\/\/pt.wikipedia.org\/wiki\/Dia_da_Independ%C3%AAncia_(Brasil)#cite_note-BDNY-14\">[14]<\/a><\/sup>\u00a0O ponto central do evento \u00e9 um show que j\u00e1 contou com a participa\u00e7\u00e3o de diversos artistas famosos, tais como\u00a0<a title=\"Daniela Mercury\" href=\"https:\/\/pt.wikipedia.org\/wiki\/Daniela_Mercury\">Daniela Mercury<\/a>,\u00a0<a title=\"Ivete Sangalo\" href=\"https:\/\/pt.wikipedia.org\/wiki\/Ivete_Sangalo\">Ivete Sangalo<\/a>,\u00a0<a title=\"Chit\u00e3ozinho &amp; Xoror\u00f3\" href=\"https:\/\/pt.wikipedia.org\/wiki\/Chit%C3%A3ozinho_%26_Xoror%C3%B3\">Chit\u00e3ozinho &amp; Xoror\u00f3<\/a>,\u00a0<a title=\"Skank\" href=\"https:\/\/pt.wikipedia.org\/wiki\/Skank\">Skank<\/a>,\u00a0<a title=\"Sandy &amp; Junior\" href=\"https:\/\/pt.wikipedia.org\/wiki\/Sandy_%26_Junior\">Sandy &amp; Junior<\/a>,\u00a0<a class=\"mw-redirect\" title=\"Cl\u00e1udia Leitte\" href=\"https:\/\/pt.wikipedia.org\/wiki\/Cl%C3%A1udia_Leitte\">Cl\u00e1udia Leitte<\/a>\u00a0e\u00a0<a title=\"Banda Calypso\" href=\"https:\/\/pt.wikipedia.org\/wiki\/Banda_Calypso\">Banda Calypso<\/a>. Em 2008, o evento reuniu cerca de um milh\u00e3o e meio de espectadores, de acordo com estimativas da\u00a0<a title=\"New York City Police Department\" href=\"https:\/\/pt.wikipedia.org\/wiki\/New_York_City_Police_Department\">pol\u00edcia local<\/a>.<sup id=\"cite_ref-BDNY_14-1\" class=\"reference\"><a href=\"https:\/\/pt.wikipedia.org\/wiki\/Dia_da_Independ%C3%AAncia_(Brasil)#cite_note-BDNY-14\">[14]<\/a><\/sup><\/p>\n<p style=\"text-align: justify;\">Em\u00a0<a title=\"2015\" href=\"https:\/\/pt.wikipedia.org\/wiki\/2015\">2015<\/a>\u00a0a cantora\u00a0<a title=\"Paula Fernandes\" href=\"https:\/\/pt.wikipedia.org\/wiki\/Paula_Fernandes\">Paula Fernandes<\/a>\u00a0foi a escolhida para o show de abertura do evento,<sup id=\"cite_ref-15\" class=\"reference\"><a href=\"https:\/\/pt.wikipedia.org\/wiki\/Dia_da_Independ%C3%AAncia_(Brasil)#cite_note-15\">[15]<\/a><\/sup>\u00a0no ano de\u00a0<a title=\"2012\" href=\"https:\/\/pt.wikipedia.org\/wiki\/2012\">2012<\/a>\u00a0a cantora foi a principal atra\u00e7\u00e3o na edi\u00e7\u00e3o do evento em\u00a0<a title=\"Lisboa\" href=\"https:\/\/pt.wikipedia.org\/wiki\/Lisboa\">Lisboa<\/a>.<sup id=\"cite_ref-16\" class=\"reference\"><a href=\"https:\/\/pt.wikipedia.org\/wiki\/Dia_da_Independ%C3%AAncia_(Brasil)#cite_note-16\">[16]<\/a><\/sup><\/p>\n<p style=\"text-align: justify;\">A\u00a0<a class=\"mw-redirect\" title=\"Rede Globo\" href=\"https:\/\/pt.wikipedia.org\/wiki\/Rede_Globo\">Rede Globo<\/a>\u00a0patrocina o evento e o transmite ao vivo para o Brasil e mais de 115 pa\u00edses atrav\u00e9s da\u00a0<a class=\"mw-redirect\" title=\"Globo Internacional\" href=\"https:\/\/pt.wikipedia.org\/wiki\/Globo_Internacional\">Globo Internacional<\/a>. Em 2003, o Brazilian Day se expandiu para outras cidades, como\u00a0<a title=\"Toronto\" href=\"https:\/\/pt.wikipedia.org\/wiki\/Toronto\">Toronto<\/a>,\u00a0<a title=\"T\u00f3quio\" href=\"https:\/\/pt.wikipedia.org\/wiki\/T%C3%B3quio\">T\u00f3quio<\/a>,\u00a0<a title=\"Londres\" href=\"https:\/\/pt.wikipedia.org\/wiki\/Londres\">Londres<\/a><sup id=\"cite_ref-17\" class=\"reference\"><a href=\"https:\/\/pt.wikipedia.org\/wiki\/Dia_da_Independ%C3%AAncia_(Brasil)#cite_note-17\">[17]<\/a><\/sup>\u00a0e\u00a0<a title=\"Luanda\" href=\"https:\/\/pt.wikipedia.org\/wiki\/Luanda\">Luanda<\/a>.<\/p>\n<p style=\"text-align: justify;\">Eventos similares ocorrem em\u00a0<a title=\"Deerfield Beach\" href=\"https:\/\/pt.wikipedia.org\/wiki\/Deerfield_Beach\">Deerfield Beach<\/a>,\u00a0<a title=\"Fl\u00f3rida\" href=\"https:\/\/pt.wikipedia.org\/wiki\/Fl%C3%B3rida\">Fl\u00f3rida<\/a>,<sup id=\"cite_ref-18\" class=\"reference\"><a href=\"https:\/\/pt.wikipedia.org\/wiki\/Dia_da_Independ%C3%AAncia_(Brasil)#cite_note-18\">[18]<\/a><\/sup>\u00a0<a title=\"San Diego\" href=\"https:\/\/pt.wikipedia.org\/wiki\/San_Diego\">San Diego<\/a><sup id=\"cite_ref-19\" class=\"reference\"><a href=\"https:\/\/pt.wikipedia.org\/wiki\/Dia_da_Independ%C3%AAncia_(Brasil)#cite_note-19\">[19]<\/a><\/sup>\u00a0e\u00a0<a title=\"Los Angeles\" href=\"https:\/\/pt.wikipedia.org\/wiki\/Los_Angeles\">Los Angeles<\/a>,\u00a0<a title=\"Calif\u00f3rnia\" href=\"https:\/\/pt.wikipedia.org\/wiki\/Calif%C3%B3rnia\">Calif\u00f3rnia<\/a>.<sup id=\"cite_ref-20\" class=\"reference\"><\/sup><\/p>\n<p style=\"text-align: justify;\">Fonte: https:\/\/pt.wikipedia.org\/wiki\/Dia_da_Independ%C3%AAncia_(Brasil)<\/p>\n","protected":false},"excerpt":{"rendered":"<p>O\u00a0Dia da Independ\u00eancia\u00a0(tamb\u00e9m chamado\u00a0Dia da Independ\u00eancia do Brasil,\u00a0Sete\u00a0de setembro, e\u00a0Dia da P\u00e1tria) \u00e9 um\u00a0feriado nacional\u00a0do\u00a0Brasil\u00a0celebrado no dia\u00a07 de setembro\u00a0de cada\u00a0ano. A data comemora a\u00a0Declara\u00e7\u00e3o de Independ\u00eancia do Brasil\u00a0do\u00a0Imp\u00e9rio Portugu\u00eas\u00a0no dia\u00a07 de setembro\u00a0de\u00a01822. Origem Em 1808, tropas francesas comandadas pelo imperador\u00a0Napole\u00e3o Bonaparte\u00a0invadiram Portugal como forma de retalia\u00e7\u00e3o ao pa\u00eds ib\u00e9rico por sua recusa em participar do [&hellip;]<\/p>\n","protected":false},"author":1,"featured_media":53438,"comment_status":"closed","ping_status":"open","sticky":false,"template":"","format":"standard","meta":{"footnotes":""},"categories":[114,110,116],"tags":[],"class_list":["post-53437","post","type-post","status-publish","format-standard","has-post-thumbnail","hentry","category-geralecomercio","category-noticiasdestaque","category-politicaeeconomia"],"_links":{"self":[{"href":"https:\/\/jorgezanoni.com.br\/2019\/wp-json\/wp\/v2\/posts\/53437","targetHints":{"allow":["GET"]}}],"collection":[{"href":"https:\/\/jorgezanoni.com.br\/2019\/wp-json\/wp\/v2\/posts"}],"about":[{"href":"https:\/\/jorgezanoni.com.br\/2019\/wp-json\/wp\/v2\/types\/post"}],"author":[{"embeddable":true,"href":"https:\/\/jorgezanoni.com.br\/2019\/wp-json\/wp\/v2\/users\/1"}],"replies":[{"embeddable":true,"href":"https:\/\/jorgezanoni.com.br\/2019\/wp-json\/wp\/v2\/comments?post=53437"}],"version-history":[{"count":0,"href":"https:\/\/jorgezanoni.com.br\/2019\/wp-json\/wp\/v2\/posts\/53437\/revisions"}],"wp:featuredmedia":[{"embeddable":true,"href":"https:\/\/jorgezanoni.com.br\/2019\/wp-json\/wp\/v2\/media\/53438"}],"wp:attachment":[{"href":"https:\/\/jorgezanoni.com.br\/2019\/wp-json\/wp\/v2\/media?parent=53437"}],"wp:term":[{"taxonomy":"category","embeddable":true,"href":"https:\/\/jorgezanoni.com.br\/2019\/wp-json\/wp\/v2\/categories?post=53437"},{"taxonomy":"post_tag","embeddable":true,"href":"https:\/\/jorgezanoni.com.br\/2019\/wp-json\/wp\/v2\/tags?post=53437"}],"curies":[{"name":"wp","href":"https:\/\/api.w.org\/{rel}","templated":true}]}}