{"id":53413,"date":"2021-09-07T00:30:36","date_gmt":"2021-09-07T00:30:36","guid":{"rendered":"https:\/\/jorgezanoni.com.br\/2019\/?p=53413"},"modified":"2021-09-07T02:03:58","modified_gmt":"2021-09-07T02:03:58","slug":"morre-a-professora-vanda-pizarro-vieira","status":"publish","type":"post","link":"https:\/\/jorgezanoni.com.br\/2019\/morre-a-professora-vanda-pizarro-vieira\/","title":{"rendered":"Morre a Professora Vanda Pizarro Vieira"},"content":{"rendered":"<p style=\"text-align: justify;\">Comunicamos com pesar o falecimento da Professora Vanda Pizarro Vieira de 80 anos. Ela estava internada em hospital de Presidente Prudente.<\/p>\n<p style=\"text-align: justify;\">Deixa o esposo Arlindo Vieira, filhos, demais parentes e amigos.<\/p>\n<p style=\"text-align: justify;\">O Vel\u00f3rio acontece na Mutu\u00e1ria Dracenense com in\u00edcio amanh\u00e3 (7) \u00e0s 7 Hs. e o Sepultamento ser\u00e1 \u00e0s 13 Hs. no Cemit\u00e9rio Municipal de Dracena.<\/p>\n<p style=\"text-align: justify;\">O Site JZ se solidariza com a fam\u00edlia e amigos neste dif\u00edcil momento.<\/p>\n<p>Jorge Zanoni<\/p>\n<p><img loading=\"lazy\" decoding=\"async\" class=\"alignnone size-full wp-image-53419\" src=\"https:\/\/jorgezanoni.com.br\/2019\/wp-content\/uploads\/2021\/09\/vanda-2.jpg\" alt=\"\" width=\"1280\" height=\"1200\" srcset=\"https:\/\/jorgezanoni.com.br\/2019\/wp-content\/uploads\/2021\/09\/vanda-2.jpg 1280w, https:\/\/jorgezanoni.com.br\/2019\/wp-content\/uploads\/2021\/09\/vanda-2-300x281.jpg 300w, https:\/\/jorgezanoni.com.br\/2019\/wp-content\/uploads\/2021\/09\/vanda-2-1024x960.jpg 1024w, https:\/\/jorgezanoni.com.br\/2019\/wp-content\/uploads\/2021\/09\/vanda-2-768x720.jpg 768w, https:\/\/jorgezanoni.com.br\/2019\/wp-content\/uploads\/2021\/09\/vanda-2-696x653.jpg 696w, https:\/\/jorgezanoni.com.br\/2019\/wp-content\/uploads\/2021\/09\/vanda-2-1068x1001.jpg 1068w, https:\/\/jorgezanoni.com.br\/2019\/wp-content\/uploads\/2021\/09\/vanda-2-448x420.jpg 448w\" sizes=\"auto, (max-width: 1280px) 100vw, 1280px\" \/><\/p>\n","protected":false},"excerpt":{"rendered":"<p>Comunicamos com pesar o falecimento da Professora Vanda Pizarro Vieira de 80 anos. Ela estava internada em hospital de Presidente Prudente. Deixa o esposo Arlindo Vieira, filhos, demais parentes e amigos. O Vel\u00f3rio acontece na Mutu\u00e1ria Dracenense com in\u00edcio amanh\u00e3 (7) \u00e0s 7 Hs. e o Sepultamento ser\u00e1 \u00e0s 13 Hs. no Cemit\u00e9rio Municipal de [&hellip;]<\/p>\n","protected":false},"author":1,"featured_media":53414,"comment_status":"closed","ping_status":"open","sticky":false,"template":"","format":"standard","meta":{"footnotes":""},"categories":[178,110],"tags":[],"class_list":["post-53413","post","type-post","status-publish","format-standard","has-post-thumbnail","hentry","category-notadefalecimento","category-noticiasdestaque"],"_links":{"self":[{"href":"https:\/\/jorgezanoni.com.br\/2019\/wp-json\/wp\/v2\/posts\/53413","targetHints":{"allow":["GET"]}}],"collection":[{"href":"https:\/\/jorgezanoni.com.br\/2019\/wp-json\/wp\/v2\/posts"}],"about":[{"href":"https:\/\/jorgezanoni.com.br\/2019\/wp-json\/wp\/v2\/types\/post"}],"author":[{"embeddable":true,"href":"https:\/\/jorgezanoni.com.br\/2019\/wp-json\/wp\/v2\/users\/1"}],"replies":[{"embeddable":true,"href":"https:\/\/jorgezanoni.com.br\/2019\/wp-json\/wp\/v2\/comments?post=53413"}],"version-history":[{"count":0,"href":"https:\/\/jorgezanoni.com.br\/2019\/wp-json\/wp\/v2\/posts\/53413\/revisions"}],"wp:featuredmedia":[{"embeddable":true,"href":"https:\/\/jorgezanoni.com.br\/2019\/wp-json\/wp\/v2\/media\/53414"}],"wp:attachment":[{"href":"https:\/\/jorgezanoni.com.br\/2019\/wp-json\/wp\/v2\/media?parent=53413"}],"wp:term":[{"taxonomy":"category","embeddable":true,"href":"https:\/\/jorgezanoni.com.br\/2019\/wp-json\/wp\/v2\/categories?post=53413"},{"taxonomy":"post_tag","embeddable":true,"href":"https:\/\/jorgezanoni.com.br\/2019\/wp-json\/wp\/v2\/tags?post=53413"}],"curies":[{"name":"wp","href":"https:\/\/api.w.org\/{rel}","templated":true}]}}