{"id":53410,"date":"2021-09-06T19:49:44","date_gmt":"2021-09-06T19:49:44","guid":{"rendered":"https:\/\/jorgezanoni.com.br\/2019\/?p=53410"},"modified":"2021-09-06T19:49:44","modified_gmt":"2021-09-06T19:49:44","slug":"morre-o-radialista-veio-ditinho-benedito-preto-de-godoi","status":"publish","type":"post","link":"https:\/\/jorgezanoni.com.br\/2019\/morre-o-radialista-veio-ditinho-benedito-preto-de-godoi\/","title":{"rendered":"Morre o Radialista V\u00e9io Ditinho &#8211; Benedito Preto de Godoi"},"content":{"rendered":"<p style=\"font-weight: 400; text-align: justify;\"><strong>Nesta segunda-feira, faleceu Ditinho, um dos mais importantes radialistas de Dracena e regi\u00e3o.<\/strong><\/p>\n<p style=\"font-weight: 400; text-align: justify;\">Benedito Preto de Godoi nasceu em Lucian\u00f3polis, regi\u00e3o de Gar\u00e7a, em 15 de janeiro de 1935. Como perdeu os pais quando era crian\u00e7a, um irm\u00e3o mais velho o entregou para a fam\u00edlia de L\u00e1zaro Preto de Godoi, que o criou como filho. J\u00e1 na inf\u00e2ncia, Ditinho come\u00e7ou a aprender tocar instrumentos musicais, come\u00e7ando pelo cavaquinho, enquanto trabalhava na zona rural. J\u00e1 gostava de r\u00e1dio e acompanhava programas de uma emissora de Vera Cruz, regi\u00e3o de Mar\u00edlia.<\/p>\n<p style=\"font-weight: 400; text-align: justify;\">A fam\u00edlia transferiu-se em 12 de maio de 1943 para o Bairro Guarani\u00fava, em Pacaembu, e aumentou o interesse de Ditinho pela m\u00fasica, formando at\u00e9 a dupla sertaneja Geninho &amp; Jaragu\u00e1 para apresenta\u00e7\u00e3o numa r\u00e1dio que funcionava em Fl\u00f3rida Paulista. Benedito, que era o Geninho, tocava tamb\u00e9m viol\u00e3o e sanfona.<\/p>\n<p style=\"font-weight: 400; text-align: justify;\">A carreira no r\u00e1dio avan\u00e7ou em Luc\u00e9lia, onde residiu por v\u00e1rios anos, com passagens ainda por r\u00e1dios de Adamantina e de Campo Grande\/MS. Atuou como vendedor de bordados de Ibitinga.<\/p>\n<p style=\"font-weight: 400; text-align: justify;\">A chegada a Dracena se deu em 1\u00ba de novembro de 1977. Na \u00e9poca, a R\u00e1dio Nova Dracena era recente no ar e o amigo Badola indicou Ditinho para o propriet\u00e1rio da emissora, ex-prefeito Oswaldo Paulino dos Santos.<\/p>\n<p style=\"font-weight: 400; text-align: justify;\">Ditinho dedicou-se integralmente ao trabalho na Nova Dracena, com programas sertanejos na madrugada, \u00e0 tarde e no per\u00edodo noturno. Tamb\u00e9m fazia a organiza\u00e7\u00e3o de shows e bailes. Seus programas tinham os nomes de \u201cTesouro da madrugada\u201d, \u201cRancho do vale\u201d e \u201cNo colo da noite\u201d.<\/p>\n<p style=\"font-weight: 400; text-align: justify;\">A mudan\u00e7a de emissora ocorreu depois de 1984, quando o ex-prefeito Paulo Tahara comandou as r\u00e1dios Difusora e Regional. Em 1988, Ditinho saiu candidato a vereador, mas n\u00e3o se elegeu.<\/p>\n<p style=\"font-weight: 400; text-align: justify;\">A volta \u00e0 Nova Dracena se deu em 1989, passando depois para R\u00e1dio Globo at\u00e9 2013. Em 2012, Ditinho chegou a ser internado na UTI com problemas de sa\u00fade.<\/p>\n<p style=\"font-weight: 400; text-align: justify;\">O \u00faltimo programa foi na R\u00e1dio Regional em 2014, quando tinha 79 anos de idade, e comandou o \u201cNossa terra, nossa gente\u201d por um curto per\u00edodo, encerrando sua carreira e ficou como ouvinte de radialistas como Chico Cear\u00e1, Pena J\u00fanior, Renato Rocha e Cl\u00e1udio Santos, a quem sempre dava conselhos e dicas. Ditinho residiu por muitos anos na Rua Marechal Deodoro da Fonseca, na regi\u00e3o da Vila Luc\u00e9lia. Em sua trajet\u00f3ria j\u00e1 teve at\u00e9 um bar na Rua Magid Zacarias na d\u00e9cada de 1980 em diante.<\/p>\n<p style=\"font-weight: 400; text-align: justify;\">Sua \u00faltima grande entrevista foi concedida a Valmir Jorge, no programa Made in Dracena, em janeiro de 2020.<\/p>\n<p style=\"font-weight: 400; text-align: justify;\">Ditinho atuou por mais de 50 anos \u00e1rea de comunica\u00e7\u00e3o, sempre priorizando a m\u00fasica sertaneja raiz. Ele fazia quest\u00e3o de valorizar os nomes dos compositores das m\u00fasicas. Tamb\u00e9m gostava de contar piadas e fazia imita\u00e7\u00f5es.<\/p>\n<p style=\"font-weight: 400; text-align: justify;\">Ditinho disse em entrevista que sempre foi grato pela recep\u00e7\u00e3o que recebeu em Dracena, juntamente com seus familiares. Ele ainda gostava de dizer que lan\u00e7ou v\u00e1rios radialistas, incluindo seus ex-t\u00e9cnicos de som nas emissoras onde trabalhou.<\/p>\n<p style=\"font-weight: 400; text-align: justify;\">Foi casado com dona Dorc\u00edlia, com quem teve os filhos Luiz Carlos Zingra, L\u00e1zaro Neto, La\u00e9rcio, Carlos Alberto e Cristina. Deixa ainda noras, genro, netos e bisnetos. Estava residindo na casa de um filho no Jardim das Palmeiras.<\/p>\n<p style=\"font-weight: 400; text-align: justify;\">Ao longo de sua carreira recebeu v\u00e1rias homenagens de autoridades e ouvintes. Foi homenageado na C\u00e2mara Municipal, no Rotary e num festival de m\u00fasica.<\/p>\n<p style=\"font-weight: 400; text-align: justify;\">Enfim, o r\u00e1dio do interior de S\u00e3o Paulo perdeu um de seus principais nomes. Dracena ficou sem uma refer\u00eancia na m\u00fasica sertaneja por quase 45 anos. Adeus e obrigado, \u201cVeio\u201d Ditinho.<\/p>\n<p style=\"text-align: justify;\">Fonte: Bastidores da Not\u00edcia Cl\u00e1udio Jos\u00e9<\/p>\n<p style=\"text-align: justify;\">Comp. Jorge Zanoni<\/p>\n<p>&nbsp;<\/p>\n","protected":false},"excerpt":{"rendered":"<p>Nesta segunda-feira, faleceu Ditinho, um dos mais importantes radialistas de Dracena e regi\u00e3o. Benedito Preto de Godoi nasceu em Lucian\u00f3polis, regi\u00e3o de Gar\u00e7a, em 15 de janeiro de 1935. Como perdeu os pais quando era crian\u00e7a, um irm\u00e3o mais velho o entregou para a fam\u00edlia de L\u00e1zaro Preto de Godoi, que o criou como filho. [&hellip;]<\/p>\n","protected":false},"author":1,"featured_media":53411,"comment_status":"closed","ping_status":"open","sticky":false,"template":"","format":"standard","meta":{"footnotes":""},"categories":[178,110],"tags":[],"class_list":["post-53410","post","type-post","status-publish","format-standard","has-post-thumbnail","hentry","category-notadefalecimento","category-noticiasdestaque"],"_links":{"self":[{"href":"https:\/\/jorgezanoni.com.br\/2019\/wp-json\/wp\/v2\/posts\/53410","targetHints":{"allow":["GET"]}}],"collection":[{"href":"https:\/\/jorgezanoni.com.br\/2019\/wp-json\/wp\/v2\/posts"}],"about":[{"href":"https:\/\/jorgezanoni.com.br\/2019\/wp-json\/wp\/v2\/types\/post"}],"author":[{"embeddable":true,"href":"https:\/\/jorgezanoni.com.br\/2019\/wp-json\/wp\/v2\/users\/1"}],"replies":[{"embeddable":true,"href":"https:\/\/jorgezanoni.com.br\/2019\/wp-json\/wp\/v2\/comments?post=53410"}],"version-history":[{"count":0,"href":"https:\/\/jorgezanoni.com.br\/2019\/wp-json\/wp\/v2\/posts\/53410\/revisions"}],"wp:featuredmedia":[{"embeddable":true,"href":"https:\/\/jorgezanoni.com.br\/2019\/wp-json\/wp\/v2\/media\/53411"}],"wp:attachment":[{"href":"https:\/\/jorgezanoni.com.br\/2019\/wp-json\/wp\/v2\/media?parent=53410"}],"wp:term":[{"taxonomy":"category","embeddable":true,"href":"https:\/\/jorgezanoni.com.br\/2019\/wp-json\/wp\/v2\/categories?post=53410"},{"taxonomy":"post_tag","embeddable":true,"href":"https:\/\/jorgezanoni.com.br\/2019\/wp-json\/wp\/v2\/tags?post=53410"}],"curies":[{"name":"wp","href":"https:\/\/api.w.org\/{rel}","templated":true}]}}