{"id":53403,"date":"2021-09-06T14:35:28","date_gmt":"2021-09-06T14:35:28","guid":{"rendered":"https:\/\/jorgezanoni.com.br\/2019\/?p=53403"},"modified":"2021-09-06T14:35:28","modified_gmt":"2021-09-06T14:35:28","slug":"policia-militar-prende-individuo-por-furto-em-panorama","status":"publish","type":"post","link":"https:\/\/jorgezanoni.com.br\/2019\/policia-militar-prende-individuo-por-furto-em-panorama\/","title":{"rendered":"Pol\u00edcia Militar prende indiv\u00edduo por Furto em Panorama"},"content":{"rendered":"<p style=\"text-align: justify;\">POL\u00cdCIA MILITAR DE PANORAMA PRENDE UM INDIV\u00cdDUO POR FURTO.<\/p>\n<p style=\"text-align: justify;\">Fato havido na data de 04 de setembro por voltas das 18h20.<br \/>\nOs policiais militares foram solicitados via Copom para atendimento de ocorr\u00eancia de furto j\u00e1 ocorrido pela Rua Adolfo Vieira de Freitas. No local dos fatos foi constatado furto de uma carteira contendo o valor de R$380,00 em esp\u00e9cie e documentos pessoais. A v\u00edtima declarou que deixou seus pertences debaixo de uma \u00e1rvore e foi pescar, ao retornar no local n\u00e3o encontrou sua carteira, por\u00e9m visualizou 02 (dois) indiv\u00edduos que estavam pr\u00f3ximos \u00e0 seus pertences. De imediato iniciou dilig\u00eancias obtendo \u00eaxito em localiza-los. Com a chegada da equipe um dos indiv\u00edduos se evadiu, sendo poss\u00edvel a abordagem de uma das partes que confessou a pr\u00e1tica do furto com seu irm\u00e3o. Diante dos fatos narrados foi dado voz de pris\u00e3o ao autor, que permaneceu a disposi\u00e7\u00e3o da Justi\u00e7a.<\/p>\n<p style=\"text-align: justify;\">#25BPMI4CIA<br \/>\n#POL\u00cdCIAMILITARSP<br \/>\n#AFOR\u00c7AP\u00daBLICADES\u00c3OPAULO<\/p>\n<p style=\"text-align: justify;\">COMUNICA\u00c7\u00c3O SOCIAL DO 25\u00ba BPM\/I 4\u00aa CIA PM<\/p>\n","protected":false},"excerpt":{"rendered":"<p>POL\u00cdCIA MILITAR DE PANORAMA PRENDE UM INDIV\u00cdDUO POR FURTO. Fato havido na data de 04 de setembro por voltas das 18h20. Os policiais militares foram solicitados via Copom para atendimento de ocorr\u00eancia de furto j\u00e1 ocorrido pela Rua Adolfo Vieira de Freitas. No local dos fatos foi constatado furto de uma carteira contendo o valor [&hellip;]<\/p>\n","protected":false},"author":1,"featured_media":53404,"comment_status":"closed","ping_status":"open","sticky":false,"template":"","format":"standard","meta":{"footnotes":""},"categories":[110,2],"tags":[],"class_list":["post-53403","post","type-post","status-publish","format-standard","has-post-thumbnail","hentry","category-noticiasdestaque","category-policial"],"_links":{"self":[{"href":"https:\/\/jorgezanoni.com.br\/2019\/wp-json\/wp\/v2\/posts\/53403","targetHints":{"allow":["GET"]}}],"collection":[{"href":"https:\/\/jorgezanoni.com.br\/2019\/wp-json\/wp\/v2\/posts"}],"about":[{"href":"https:\/\/jorgezanoni.com.br\/2019\/wp-json\/wp\/v2\/types\/post"}],"author":[{"embeddable":true,"href":"https:\/\/jorgezanoni.com.br\/2019\/wp-json\/wp\/v2\/users\/1"}],"replies":[{"embeddable":true,"href":"https:\/\/jorgezanoni.com.br\/2019\/wp-json\/wp\/v2\/comments?post=53403"}],"version-history":[{"count":0,"href":"https:\/\/jorgezanoni.com.br\/2019\/wp-json\/wp\/v2\/posts\/53403\/revisions"}],"wp:featuredmedia":[{"embeddable":true,"href":"https:\/\/jorgezanoni.com.br\/2019\/wp-json\/wp\/v2\/media\/53404"}],"wp:attachment":[{"href":"https:\/\/jorgezanoni.com.br\/2019\/wp-json\/wp\/v2\/media?parent=53403"}],"wp:term":[{"taxonomy":"category","embeddable":true,"href":"https:\/\/jorgezanoni.com.br\/2019\/wp-json\/wp\/v2\/categories?post=53403"},{"taxonomy":"post_tag","embeddable":true,"href":"https:\/\/jorgezanoni.com.br\/2019\/wp-json\/wp\/v2\/tags?post=53403"}],"curies":[{"name":"wp","href":"https:\/\/api.w.org\/{rel}","templated":true}]}}