{"id":53352,"date":"2021-09-04T19:11:03","date_gmt":"2021-09-04T19:11:03","guid":{"rendered":"https:\/\/jorgezanoni.com.br\/2019\/?p=53352"},"modified":"2021-09-04T19:11:03","modified_gmt":"2021-09-04T19:11:03","slug":"acidente-entre-motocicleta-e-carro-mata-jovem-em-rancharia","status":"publish","type":"post","link":"https:\/\/jorgezanoni.com.br\/2019\/acidente-entre-motocicleta-e-carro-mata-jovem-em-rancharia\/","title":{"rendered":"Acidente entre motocicleta e carro mata jovem em Rancharia"},"content":{"rendered":"<h2 class=\"content-head__subtitle\" style=\"text-align: justify;\"><strong>V\u00edtima, de 21 anos, chegou a ser levada para a Santa Casa, mas n\u00e3o resistiu. Colis\u00e3o foi na Rodovia Brigadeiro Eduardo Gomes (SP-457).<\/strong><\/h2>\n<div class=\"mc-column content-text active-extra-styles \" data-block-type=\"unstyled\" data-block-weight=\"28\" data-block-id=\"2\">\n<p class=\"content-text__container \" style=\"text-align: justify;\" data-track-category=\"Link no Texto\" data-track-links=\"\">Um rapaz de 21 anos morreu ap\u00f3s um acidente de tr\u00e2nsito na madrugada deste s\u00e1bado (4), na Rodovia Brigadeiro Eduardo Gomes (SP-457), em\u00a0<a href=\"http:\/\/g1.globo.com\/sp\/presidente-prudente-regiao\/cidade\/rancharia.html\">Rancharia<\/a>. Ele conduzia uma motocicleta.<\/p>\n<\/div>\n<div class=\"wall protected-content\">\n<div class=\"mc-column content-text active-extra-styles \" style=\"text-align: justify;\" data-block-type=\"unstyled\" data-block-weight=\"35\" data-block-id=\"3\">\n<p class=\"content-text__container \" data-track-category=\"Link no Texto\" data-track-links=\"\">Conforme informa\u00e7\u00f5es da Pol\u00edcia Militar Rodovi\u00e1ria, que foi acionada por volta das 3h30, foi uma colis\u00e3o lateral entre a motocicleta e um carro. Ainda n\u00e3o se sabe o que provocou a batida no km 47,600.<\/p>\n<\/div>\n<div class=\"mc-column content-text active-extra-styles \" style=\"text-align: justify;\" data-block-type=\"unstyled\" data-block-weight=\"28\" data-block-id=\"4\">\n<p class=\"content-text__container \" data-track-category=\"Link no Texto\" data-track-links=\"\">O motociclista foi levado em estado considerado grave \u00e0 Santa Casa local pelo Corpo de Bombeiros, mas n\u00e3o resistiu \u00e0s les\u00f5es. O hospital confirmou a morte do jovem.<\/p>\n<\/div>\n<div class=\"mc-column content-text active-extra-styles \" data-block-type=\"unstyled\" data-block-weight=\"13\" data-block-id=\"5\">\n<p class=\"content-text__container \" style=\"text-align: justify;\" data-track-category=\"Link no Texto\" data-track-links=\"\">J\u00e1 o condutor do carro fugiu do local do acidente, segundo a pol\u00edcia.<\/p>\n<\/div>\n<div class=\"row medium-uncollapsed content-media content-photo\" data-block-type=\"backstage-photo\" data-block-id=\"6\">\n<div class=\"mc-column content-media__container\">\n<div class=\"content-media-container glb-skeleton-box\">\n<figure class=\"content-media-figure\"><img decoding=\"async\" class=\"i-amphtml-fill-content i-amphtml-replaced-content\" src=\"https:\/\/s2.glbimg.com\/gwJ76STkjxO8Mwgz71drLiBd7Xc=\/0x0:1600x1200\/984x0\/smart\/filters:strip_icc()\/i.s3.glbimg.com\/v1\/AUTH_59edd422c0c84a879bd37670ae4f538a\/internal_photos\/bs\/2021\/R\/R\/ilYg7ASfi0NWzQYORoIw\/t79fl61337db35aeb3.jpg\" sizes=\"(max-width: 1366px) 648px, 100vw\" srcset=\"https:\/\/s2.glbimg.com\/MmTFm-eQ6aiYE3Eb3wuGEzXfvVI=\/0x0:1600x1200\/1000x0\/smart\/filters:strip_icc()\/i.s3.glbimg.com\/v1\/AUTH_59edd422c0c84a879bd37670ae4f538a\/internal_photos\/bs\/2021\/R\/R\/ilYg7ASfi0NWzQYORoIw\/t79fl61337db35aeb3.jpg 1000w, https:\/\/s2.glbimg.com\/gwJ76STkjxO8Mwgz71drLiBd7Xc=\/0x0:1600x1200\/984x0\/smart\/filters:strip_icc()\/i.s3.glbimg.com\/v1\/AUTH_59edd422c0c84a879bd37670ae4f538a\/internal_photos\/bs\/2021\/R\/R\/ilYg7ASfi0NWzQYORoIw\/t79fl61337db35aeb3.jpg 984w, https:\/\/s2.glbimg.com\/n0X6moOwohCC1F3UsUevWlIFZ4g=\/0x0:1600x1200\/640x0\/smart\/filters:strip_icc()\/i.s3.glbimg.com\/v1\/AUTH_59edd422c0c84a879bd37670ae4f538a\/internal_photos\/bs\/2021\/R\/R\/ilYg7ASfi0NWzQYORoIw\/t79fl61337db35aeb3.jpg 640w, https:\/\/s2.glbimg.com\/Wp4cq4lXr32RaPvSJg_gGjHyILg=\/0x0:1600x1200\/600x0\/smart\/filters:strip_icc()\/i.s3.glbimg.com\/v1\/AUTH_59edd422c0c84a879bd37670ae4f538a\/internal_photos\/bs\/2021\/R\/R\/ilYg7ASfi0NWzQYORoIw\/t79fl61337db35aeb3.jpg 600w\" alt=\"Motorista do carro envolvido no acidente fugiu do local, segundo a pol\u00edcia  \u2014 Foto: Paulo Santana\/Cedida\" \/><\/figure>\n<\/div>\n<p class=\"content-media__description \" style=\"text-align: justify;\">Motorista do carro envolvido no acidente fugiu do local, segundo a pol\u00edcia \u2014 Foto: Paulo Santana\/Cedida<\/p>\n<\/div>\n<\/div>\n<div class=\"row medium-uncollapsed content-media content-photo\" data-block-type=\"backstage-photo\" data-block-id=\"8\">\n<div class=\"mc-column content-media__container\">\n<div class=\"content-media-container glb-skeleton-box\">\n<figure class=\"content-media-figure\"><img decoding=\"async\" class=\"i-amphtml-fill-content i-amphtml-replaced-content\" src=\"https:\/\/s2.glbimg.com\/CihHVkBTqKLk6EWEGWnlgbVRBtY=\/0x0:1600x1200\/984x0\/smart\/filters:strip_icc()\/i.s3.glbimg.com\/v1\/AUTH_59edd422c0c84a879bd37670ae4f538a\/internal_photos\/bs\/2021\/t\/E\/2dYVujQAqzuzXWLRM6dg\/t79fl61337dc984093.jpg\" sizes=\"(max-width: 1366px) 648px, 100vw\" srcset=\"https:\/\/s2.glbimg.com\/YnxB19TGbvpERPB0glh3NeEykeg=\/0x0:1600x1200\/1000x0\/smart\/filters:strip_icc()\/i.s3.glbimg.com\/v1\/AUTH_59edd422c0c84a879bd37670ae4f538a\/internal_photos\/bs\/2021\/t\/E\/2dYVujQAqzuzXWLRM6dg\/t79fl61337dc984093.jpg 1000w, https:\/\/s2.glbimg.com\/CihHVkBTqKLk6EWEGWnlgbVRBtY=\/0x0:1600x1200\/984x0\/smart\/filters:strip_icc()\/i.s3.glbimg.com\/v1\/AUTH_59edd422c0c84a879bd37670ae4f538a\/internal_photos\/bs\/2021\/t\/E\/2dYVujQAqzuzXWLRM6dg\/t79fl61337dc984093.jpg 984w, https:\/\/s2.glbimg.com\/TimugLvZBsDyvxAvXsa-2Gy2B38=\/0x0:1600x1200\/640x0\/smart\/filters:strip_icc()\/i.s3.glbimg.com\/v1\/AUTH_59edd422c0c84a879bd37670ae4f538a\/internal_photos\/bs\/2021\/t\/E\/2dYVujQAqzuzXWLRM6dg\/t79fl61337dc984093.jpg 640w, https:\/\/s2.glbimg.com\/8WM5uujAoYvPF31mRGahcdikB2Q=\/0x0:1600x1200\/600x0\/smart\/filters:strip_icc()\/i.s3.glbimg.com\/v1\/AUTH_59edd422c0c84a879bd37670ae4f538a\/internal_photos\/bs\/2021\/t\/E\/2dYVujQAqzuzXWLRM6dg\/t79fl61337dc984093.jpg 600w\" alt=\"Motociclista foi v\u00edtima fatal em acidente na Rodovia Brigadeiro Eduardo Gomes (SP-457) \u2014 Foto: Paulo Santana\/Cedida\" \/><\/figure>\n<\/div>\n<p class=\"content-media__description \" style=\"text-align: justify;\">Motociclista foi v\u00edtima fatal em acidente na Rodovia Brigadeiro Eduardo Gomes (SP-457) \u2014 Foto: Paulo Santana\/Cedida<\/p>\n<p style=\"text-align: justify;\">Fonte: G1<\/p>\n<\/div>\n<\/div>\n<\/div>\n","protected":false},"excerpt":{"rendered":"<p>V\u00edtima, de 21 anos, chegou a ser levada para a Santa Casa, mas n\u00e3o resistiu. Colis\u00e3o foi na Rodovia Brigadeiro Eduardo Gomes (SP-457). Um rapaz de 21 anos morreu ap\u00f3s um acidente de tr\u00e2nsito na madrugada deste s\u00e1bado (4), na Rodovia Brigadeiro Eduardo Gomes (SP-457), em\u00a0Rancharia. Ele conduzia uma motocicleta. Conforme informa\u00e7\u00f5es da Pol\u00edcia Militar [&hellip;]<\/p>\n","protected":false},"author":1,"featured_media":53353,"comment_status":"closed","ping_status":"open","sticky":false,"template":"","format":"standard","meta":{"footnotes":""},"categories":[170,110],"tags":[],"class_list":["post-53352","post","type-post","status-publish","format-standard","has-post-thumbnail","hentry","category-acidentes","category-noticiasdestaque"],"_links":{"self":[{"href":"https:\/\/jorgezanoni.com.br\/2019\/wp-json\/wp\/v2\/posts\/53352","targetHints":{"allow":["GET"]}}],"collection":[{"href":"https:\/\/jorgezanoni.com.br\/2019\/wp-json\/wp\/v2\/posts"}],"about":[{"href":"https:\/\/jorgezanoni.com.br\/2019\/wp-json\/wp\/v2\/types\/post"}],"author":[{"embeddable":true,"href":"https:\/\/jorgezanoni.com.br\/2019\/wp-json\/wp\/v2\/users\/1"}],"replies":[{"embeddable":true,"href":"https:\/\/jorgezanoni.com.br\/2019\/wp-json\/wp\/v2\/comments?post=53352"}],"version-history":[{"count":0,"href":"https:\/\/jorgezanoni.com.br\/2019\/wp-json\/wp\/v2\/posts\/53352\/revisions"}],"wp:featuredmedia":[{"embeddable":true,"href":"https:\/\/jorgezanoni.com.br\/2019\/wp-json\/wp\/v2\/media\/53353"}],"wp:attachment":[{"href":"https:\/\/jorgezanoni.com.br\/2019\/wp-json\/wp\/v2\/media?parent=53352"}],"wp:term":[{"taxonomy":"category","embeddable":true,"href":"https:\/\/jorgezanoni.com.br\/2019\/wp-json\/wp\/v2\/categories?post=53352"},{"taxonomy":"post_tag","embeddable":true,"href":"https:\/\/jorgezanoni.com.br\/2019\/wp-json\/wp\/v2\/tags?post=53352"}],"curies":[{"name":"wp","href":"https:\/\/api.w.org\/{rel}","templated":true}]}}