{"id":53349,"date":"2021-09-04T19:00:53","date_gmt":"2021-09-04T19:00:53","guid":{"rendered":"https:\/\/jorgezanoni.com.br\/2019\/?p=53349"},"modified":"2021-09-04T19:00:53","modified_gmt":"2021-09-04T19:00:53","slug":"caminhoneiro-morador-da-regiao-morre-atropelado-em-goiania","status":"publish","type":"post","link":"https:\/\/jorgezanoni.com.br\/2019\/caminhoneiro-morador-da-regiao-morre-atropelado-em-goiania\/","title":{"rendered":"Caminhoneiro morador da regi\u00e3o morre atropelado em Goi\u00e2nia"},"content":{"rendered":"<p style=\"text-align: justify;\">Um atropelamento em Goi\u00e2nia (GO), no in\u00edcio da tarde desta quinta feira, dia 2, resultou na morte do motorista Cl\u00e1udio Serrano, 43 anos, que morava em Tup\u00e3. O caminhoneiro, que j\u00e1 morou em Hercul\u00e2ndia, trabalhava com uma carreta de propriedade de um morador da cidade vizinha a Tup\u00e3.<\/p>\n<p style=\"text-align: justify;\">Informa\u00e7\u00f5es s\u00e3o de que a v\u00edtima estaria atravessando uma avenida a p\u00e9 e, em um cruzamento, foi atropelada por um ve\u00edculo Corolla. Devido o impacto o caminhoneiro foi arremessado para o outro lado da via p\u00fablica e foi novamente atropelado, desta vez por uma Saveiro.<\/p>\n<p style=\"text-align: justify;\">O caminhoneiro sofreu ferimentos grav\u00edssimos e, segundo o Corpo de Bombeiros, faleceu no local do acidente.<\/p>\n<p style=\"text-align: justify;\">A Delegacia Especializada em Investiga\u00e7\u00e3o de Crimes de Tr\u00e2nsito de Goi\u00e2nia informou que os condutores dos ve\u00edculos envolvidos permaneceram no local e fizeram o teste de baf\u00f4metro, cujos resultados foram negativos. \u201cSer\u00e1 instaurado inqu\u00e9rito policial na delegacia especializada para apurar os fatos e circunst\u00e2ncias do acidente\u201d, revelou a delegada Ma\u00edra Bicalho.<\/p>\n<p style=\"text-align: justify;\">O corpo de Cl\u00e1udio Serrano est\u00e1 sendo transladado para Hercul\u00e2ndia, onde ser\u00e1 velado no vel\u00f3rio municipal e sepultado no cemit\u00e9rio da mesma cidade.<\/p>\n<p style=\"text-align: justify;\">Fonte: Mais Tup\u00e3<\/p>\n","protected":false},"excerpt":{"rendered":"<p>Um atropelamento em Goi\u00e2nia (GO), no in\u00edcio da tarde desta quinta feira, dia 2, resultou na morte do motorista Cl\u00e1udio Serrano, 43 anos, que morava em Tup\u00e3. O caminhoneiro, que j\u00e1 morou em Hercul\u00e2ndia, trabalhava com uma carreta de propriedade de um morador da cidade vizinha a Tup\u00e3. Informa\u00e7\u00f5es s\u00e3o de que a v\u00edtima estaria [&hellip;]<\/p>\n","protected":false},"author":1,"featured_media":53350,"comment_status":"closed","ping_status":"open","sticky":false,"template":"","format":"standard","meta":{"footnotes":""},"categories":[170,110],"tags":[],"class_list":["post-53349","post","type-post","status-publish","format-standard","has-post-thumbnail","hentry","category-acidentes","category-noticiasdestaque"],"_links":{"self":[{"href":"https:\/\/jorgezanoni.com.br\/2019\/wp-json\/wp\/v2\/posts\/53349","targetHints":{"allow":["GET"]}}],"collection":[{"href":"https:\/\/jorgezanoni.com.br\/2019\/wp-json\/wp\/v2\/posts"}],"about":[{"href":"https:\/\/jorgezanoni.com.br\/2019\/wp-json\/wp\/v2\/types\/post"}],"author":[{"embeddable":true,"href":"https:\/\/jorgezanoni.com.br\/2019\/wp-json\/wp\/v2\/users\/1"}],"replies":[{"embeddable":true,"href":"https:\/\/jorgezanoni.com.br\/2019\/wp-json\/wp\/v2\/comments?post=53349"}],"version-history":[{"count":0,"href":"https:\/\/jorgezanoni.com.br\/2019\/wp-json\/wp\/v2\/posts\/53349\/revisions"}],"wp:featuredmedia":[{"embeddable":true,"href":"https:\/\/jorgezanoni.com.br\/2019\/wp-json\/wp\/v2\/media\/53350"}],"wp:attachment":[{"href":"https:\/\/jorgezanoni.com.br\/2019\/wp-json\/wp\/v2\/media?parent=53349"}],"wp:term":[{"taxonomy":"category","embeddable":true,"href":"https:\/\/jorgezanoni.com.br\/2019\/wp-json\/wp\/v2\/categories?post=53349"},{"taxonomy":"post_tag","embeddable":true,"href":"https:\/\/jorgezanoni.com.br\/2019\/wp-json\/wp\/v2\/tags?post=53349"}],"curies":[{"name":"wp","href":"https:\/\/api.w.org\/{rel}","templated":true}]}}