{"id":53338,"date":"2021-09-04T16:49:26","date_gmt":"2021-09-04T16:49:26","guid":{"rendered":"https:\/\/jorgezanoni.com.br\/2019\/?p=53338"},"modified":"2021-09-04T16:49:26","modified_gmt":"2021-09-04T16:49:26","slug":"dracena-tempersul-goleia-o-indaiatuba-e-lidera-a-liga-paulista","status":"publish","type":"post","link":"https:\/\/jorgezanoni.com.br\/2019\/dracena-tempersul-goleia-o-indaiatuba-e-lidera-a-liga-paulista\/","title":{"rendered":"Dracena Tempersul goleia o Indaiatuba e lidera a Liga Paulista"},"content":{"rendered":"<p class=\"v1MsoNormal\" align=\"center\">\n<p class=\"v1MsoNormal\" style=\"text-align: justify;\">Em jogo que valia a ponta da tabela da Liga Paulista de Futsal, o Dracena Tempersul bateu o Indaiatuba por 5 a 1, em partida disputada no gin\u00e1sio Alaor Ferrari, na noite de sexta-feira (3\/9).<\/p>\n<p class=\"v1MsoNormal\" style=\"text-align: justify;\">O duelo teve clima de decis\u00e3o, quente e bastante catimbado. Ainda na primeira etapa Delegado, por Dracena, e Kebinho, por Indaiatuba, foram expulsos ap\u00f3s desentendimento.<\/p>\n<p class=\"v1MsoNormal\" style=\"text-align: justify;\">Os gols da vit\u00f3ria dracenense foram marcados por Marcelinho, Juninho, Denner e Isaac. Descontou Z\u00e9 Marco para os visitantes.<\/p>\n<p class=\"v1MsoNormal\" style=\"text-align: justify;\">Grande destaque da partida, o ala Marcelinho falou da emo\u00e7\u00e3o de marcar seus primeiros gols na Liga. &#8220;Eu venho trabalhando muito forte em todos os treinos e buscado finalizar mais. A bola n\u00e3o estava entrando, mas hoje (ontem) foi o dia. Estou feliz por ter contribu\u00eddo para mais uma vit\u00f3ria da nossa equipe&#8221;.<\/p>\n<p class=\"v1MsoNormal\" style=\"text-align: justify;\">O experiente ala Cleitinho tamb\u00e9m comentou a vit\u00f3ria. &#8220;A gente vem treinando forte para conseguir prevalecer nos momentos chave das partidas. O placar n\u00e3o condiz com o jogo, foi um confronto muito disputado e fomos felizes para deslanchar no final&#8221;.<\/p>\n<p class=\"v1MsoNormal\" style=\"text-align: justify;\">Com a vit\u00f3ria, o Dracena chega a 12 pontos em quatro jogos, mant\u00e9m o 100% de aproveitamento e divide a lideran\u00e7a da competi\u00e7\u00e3o com o S\u00e3o Paulo.<\/p>\n<p class=\"v1MsoNormal\" style=\"text-align: justify;\">A equipe comandada pelo t\u00e9cnico Flavinho Cavalcante volta \u00e0 quadra na ter\u00e7a-feira (7), em S\u00e3o Bernardo do Campo, contra o Jacare\u00ed, a partir das 19h.<\/p>\n<p><img loading=\"lazy\" decoding=\"async\" class=\"alignnone size-full wp-image-53340\" src=\"https:\/\/jorgezanoni.com.br\/2019\/wp-content\/uploads\/2021\/09\/temper1.jpg\" alt=\"\" width=\"700\" height=\"466\" srcset=\"https:\/\/jorgezanoni.com.br\/2019\/wp-content\/uploads\/2021\/09\/temper1.jpg 700w, https:\/\/jorgezanoni.com.br\/2019\/wp-content\/uploads\/2021\/09\/temper1-300x200.jpg 300w, https:\/\/jorgezanoni.com.br\/2019\/wp-content\/uploads\/2021\/09\/temper1-696x463.jpg 696w, https:\/\/jorgezanoni.com.br\/2019\/wp-content\/uploads\/2021\/09\/temper1-631x420.jpg 631w\" sizes=\"auto, (max-width: 700px) 100vw, 700px\" \/><\/p>\n<p>Fonte: Assessoria de Imprensa<\/p>\n","protected":false},"excerpt":{"rendered":"<p>Em jogo que valia a ponta da tabela da Liga Paulista de Futsal, o Dracena Tempersul bateu o Indaiatuba por 5 a 1, em partida disputada no gin\u00e1sio Alaor Ferrari, na noite de sexta-feira (3\/9). O duelo teve clima de decis\u00e3o, quente e bastante catimbado. Ainda na primeira etapa Delegado, por Dracena, e Kebinho, por [&hellip;]<\/p>\n","protected":false},"author":1,"featured_media":53339,"comment_status":"closed","ping_status":"open","sticky":false,"template":"","format":"standard","meta":{"footnotes":""},"categories":[111,110],"tags":[],"class_list":["post-53338","post","type-post","status-publish","format-standard","has-post-thumbnail","hentry","category-esporteecultura","category-noticiasdestaque"],"_links":{"self":[{"href":"https:\/\/jorgezanoni.com.br\/2019\/wp-json\/wp\/v2\/posts\/53338","targetHints":{"allow":["GET"]}}],"collection":[{"href":"https:\/\/jorgezanoni.com.br\/2019\/wp-json\/wp\/v2\/posts"}],"about":[{"href":"https:\/\/jorgezanoni.com.br\/2019\/wp-json\/wp\/v2\/types\/post"}],"author":[{"embeddable":true,"href":"https:\/\/jorgezanoni.com.br\/2019\/wp-json\/wp\/v2\/users\/1"}],"replies":[{"embeddable":true,"href":"https:\/\/jorgezanoni.com.br\/2019\/wp-json\/wp\/v2\/comments?post=53338"}],"version-history":[{"count":0,"href":"https:\/\/jorgezanoni.com.br\/2019\/wp-json\/wp\/v2\/posts\/53338\/revisions"}],"wp:featuredmedia":[{"embeddable":true,"href":"https:\/\/jorgezanoni.com.br\/2019\/wp-json\/wp\/v2\/media\/53339"}],"wp:attachment":[{"href":"https:\/\/jorgezanoni.com.br\/2019\/wp-json\/wp\/v2\/media?parent=53338"}],"wp:term":[{"taxonomy":"category","embeddable":true,"href":"https:\/\/jorgezanoni.com.br\/2019\/wp-json\/wp\/v2\/categories?post=53338"},{"taxonomy":"post_tag","embeddable":true,"href":"https:\/\/jorgezanoni.com.br\/2019\/wp-json\/wp\/v2\/tags?post=53338"}],"curies":[{"name":"wp","href":"https:\/\/api.w.org\/{rel}","templated":true}]}}