{"id":53335,"date":"2021-09-04T16:16:18","date_gmt":"2021-09-04T16:16:18","guid":{"rendered":"https:\/\/jorgezanoni.com.br\/2019\/?p=53335"},"modified":"2021-09-04T16:16:18","modified_gmt":"2021-09-04T16:16:18","slug":"parecer-de-comissao-que-analisa-denuncia-contra-vereadora-de-dracena-passa-por-votacao","status":"publish","type":"post","link":"https:\/\/jorgezanoni.com.br\/2019\/parecer-de-comissao-que-analisa-denuncia-contra-vereadora-de-dracena-passa-por-votacao\/","title":{"rendered":"Parecer de comiss\u00e3o que analisa den\u00fancia contra vereadora de Dracena passa por vota\u00e7\u00e3o"},"content":{"rendered":"<p style=\"text-align: justify;\">A pr\u00f3xima sess\u00e3o ordin\u00e1ria da C\u00e2mara de Dracena contar\u00e1 com a aprecia\u00e7\u00e3o e vota\u00e7\u00e3o do parecer da Comiss\u00e3o Processante que investiga den\u00fancia contra a vereadora Sara Scarabelli, apresentada pelo Diret\u00f3rio Municipal dos Democratas, atrav\u00e9s do seu presidente Valter Fernandes.<\/p>\n<p style=\"text-align: justify;\">O parecer precisa da aprova\u00e7\u00e3o da maioria simples do plen\u00e1rio para dar prosseguimento \u00e0 fase de instru\u00e7\u00e3o. Caso n\u00e3o atinja os votos necess\u00e1rios, a den\u00fancia ser\u00e1 arquivada.<\/p>\n<p style=\"text-align: justify;\">A comiss\u00e3o processante \u00e9 composta pelos vereadores Danilo Ledo (presidente), Julio C\u00e9sar Monteiro (relator) e Luis Antonio de Oliveira Cavalcante (membro).<\/p>\n<p style=\"text-align: justify;\">A 28 sess\u00e3o ordin\u00e1ria ser\u00e1 realizada, excepcionalmente, nesta quarta-feira, 8 de setembro, devido ao ponto facultativo e feriado pelo Dia da Independ\u00eancia. Ter\u00e1 in\u00edcio \u00e0s 20h e ser\u00e1 transmitida ao vivo pelos meios de comunica\u00e7\u00e3o da C\u00e2mara na internet.<\/p>\n<p>Facebook:\u00a0<a href=\"http:\/\/www.facebook.com\/CamaraMunicipalDeDracena\" target=\"_blank\" rel=\"noopener noreferrer\">www.facebook.com\/CamaraMunicipalDeDracena<\/a><\/p>\n<p>Youtube:\u00a0<a href=\"http:\/\/bit.ly\/camaradracenayoutube\" target=\"_blank\" rel=\"noopener noreferrer\">http:\/\/bit.ly\/camaradracenayoutube<\/a><\/p>\n<p><strong>Veja no site da C\u00e2mara o Parecer da Comiss\u00e3o e da Defesa<\/strong><\/p>\n<p>&nbsp;<\/p>\n","protected":false},"excerpt":{"rendered":"<p>A pr\u00f3xima sess\u00e3o ordin\u00e1ria da C\u00e2mara de Dracena contar\u00e1 com a aprecia\u00e7\u00e3o e vota\u00e7\u00e3o do parecer da Comiss\u00e3o Processante que investiga den\u00fancia contra a vereadora Sara Scarabelli, apresentada pelo Diret\u00f3rio Municipal dos Democratas, atrav\u00e9s do seu presidente Valter Fernandes. O parecer precisa da aprova\u00e7\u00e3o da maioria simples do plen\u00e1rio para dar prosseguimento \u00e0 fase de [&hellip;]<\/p>\n","protected":false},"author":1,"featured_media":53336,"comment_status":"closed","ping_status":"open","sticky":false,"template":"","format":"standard","meta":{"footnotes":""},"categories":[110,116],"tags":[],"class_list":["post-53335","post","type-post","status-publish","format-standard","has-post-thumbnail","hentry","category-noticiasdestaque","category-politicaeeconomia"],"_links":{"self":[{"href":"https:\/\/jorgezanoni.com.br\/2019\/wp-json\/wp\/v2\/posts\/53335","targetHints":{"allow":["GET"]}}],"collection":[{"href":"https:\/\/jorgezanoni.com.br\/2019\/wp-json\/wp\/v2\/posts"}],"about":[{"href":"https:\/\/jorgezanoni.com.br\/2019\/wp-json\/wp\/v2\/types\/post"}],"author":[{"embeddable":true,"href":"https:\/\/jorgezanoni.com.br\/2019\/wp-json\/wp\/v2\/users\/1"}],"replies":[{"embeddable":true,"href":"https:\/\/jorgezanoni.com.br\/2019\/wp-json\/wp\/v2\/comments?post=53335"}],"version-history":[{"count":0,"href":"https:\/\/jorgezanoni.com.br\/2019\/wp-json\/wp\/v2\/posts\/53335\/revisions"}],"wp:featuredmedia":[{"embeddable":true,"href":"https:\/\/jorgezanoni.com.br\/2019\/wp-json\/wp\/v2\/media\/53336"}],"wp:attachment":[{"href":"https:\/\/jorgezanoni.com.br\/2019\/wp-json\/wp\/v2\/media?parent=53335"}],"wp:term":[{"taxonomy":"category","embeddable":true,"href":"https:\/\/jorgezanoni.com.br\/2019\/wp-json\/wp\/v2\/categories?post=53335"},{"taxonomy":"post_tag","embeddable":true,"href":"https:\/\/jorgezanoni.com.br\/2019\/wp-json\/wp\/v2\/tags?post=53335"}],"curies":[{"name":"wp","href":"https:\/\/api.w.org\/{rel}","templated":true}]}}