{"id":53318,"date":"2021-09-03T23:53:38","date_gmt":"2021-09-03T23:53:38","guid":{"rendered":"https:\/\/jorgezanoni.com.br\/2019\/?p=53318"},"modified":"2021-09-03T23:53:38","modified_gmt":"2021-09-03T23:53:38","slug":"policia-civil-prende-mulher-suspeita-de-furtar-celulares-de-interior-da-prefeitura-de-junqueiropolis","status":"publish","type":"post","link":"https:\/\/jorgezanoni.com.br\/2019\/policia-civil-prende-mulher-suspeita-de-furtar-celulares-de-interior-da-prefeitura-de-junqueiropolis\/","title":{"rendered":"Pol\u00edcia Civil prende mulher suspeita de furtar celulares de interior da Prefeitura de Junqueir\u00f3polis"},"content":{"rendered":"<p style=\"text-align: justify;\">A Pol\u00edcia Civil, por interm\u00e9dio da Delegacia de Pol\u00edcia de Junqueir\u00f3polis, prendeu em flagrante, nesta sexta-feira (3), uma mulher de 44 anos, suspeita de furtar dois celulares de servidores da Prefeitura de Junqueir\u00f3polis.<br \/>\nA suspeita foi at\u00e9 aquela reparti\u00e7\u00e3o p\u00fablica para se inscrever em programas sociais, quando ent\u00e3o teria se apoderado dos aparelhos telef\u00f4nicos. A mulher foi encontrada por policiais civis, e confessou a pr\u00e1tica do furto.<br \/>\nA mulher presa em flagrante, e os aparelhos foram apreendidos e restitu\u00eddos aos leg\u00edtimos propriet\u00e1rios. Ela responder\u00e1 pelo crime de furto, punido com pena de at\u00e9 4 anos.<br \/>\nFoi arbitrado fian\u00e7a no valor de um sal\u00e1rio m\u00ednimo, por\u00e9m n\u00e3o o valor n\u00e3o foi apresentado. E a mulher permaneceu a disposi\u00e7\u00e3o da Justi\u00e7a.<\/p>\n<p style=\"text-align: justify;\">Fonte: Com. Social Pol\u00edcia Civil<\/p>\n","protected":false},"excerpt":{"rendered":"<p>A Pol\u00edcia Civil, por interm\u00e9dio da Delegacia de Pol\u00edcia de Junqueir\u00f3polis, prendeu em flagrante, nesta sexta-feira (3), uma mulher de 44 anos, suspeita de furtar dois celulares de servidores da Prefeitura de Junqueir\u00f3polis. A suspeita foi at\u00e9 aquela reparti\u00e7\u00e3o p\u00fablica para se inscrever em programas sociais, quando ent\u00e3o teria se apoderado dos aparelhos telef\u00f4nicos. A [&hellip;]<\/p>\n","protected":false},"author":1,"featured_media":53319,"comment_status":"closed","ping_status":"open","sticky":false,"template":"","format":"standard","meta":{"footnotes":""},"categories":[110,2],"tags":[],"class_list":["post-53318","post","type-post","status-publish","format-standard","has-post-thumbnail","hentry","category-noticiasdestaque","category-policial"],"_links":{"self":[{"href":"https:\/\/jorgezanoni.com.br\/2019\/wp-json\/wp\/v2\/posts\/53318","targetHints":{"allow":["GET"]}}],"collection":[{"href":"https:\/\/jorgezanoni.com.br\/2019\/wp-json\/wp\/v2\/posts"}],"about":[{"href":"https:\/\/jorgezanoni.com.br\/2019\/wp-json\/wp\/v2\/types\/post"}],"author":[{"embeddable":true,"href":"https:\/\/jorgezanoni.com.br\/2019\/wp-json\/wp\/v2\/users\/1"}],"replies":[{"embeddable":true,"href":"https:\/\/jorgezanoni.com.br\/2019\/wp-json\/wp\/v2\/comments?post=53318"}],"version-history":[{"count":0,"href":"https:\/\/jorgezanoni.com.br\/2019\/wp-json\/wp\/v2\/posts\/53318\/revisions"}],"wp:featuredmedia":[{"embeddable":true,"href":"https:\/\/jorgezanoni.com.br\/2019\/wp-json\/wp\/v2\/media\/53319"}],"wp:attachment":[{"href":"https:\/\/jorgezanoni.com.br\/2019\/wp-json\/wp\/v2\/media?parent=53318"}],"wp:term":[{"taxonomy":"category","embeddable":true,"href":"https:\/\/jorgezanoni.com.br\/2019\/wp-json\/wp\/v2\/categories?post=53318"},{"taxonomy":"post_tag","embeddable":true,"href":"https:\/\/jorgezanoni.com.br\/2019\/wp-json\/wp\/v2\/tags?post=53318"}],"curies":[{"name":"wp","href":"https:\/\/api.w.org\/{rel}","templated":true}]}}