{"id":53310,"date":"2021-09-03T15:43:23","date_gmt":"2021-09-03T15:43:23","guid":{"rendered":"https:\/\/jorgezanoni.com.br\/2019\/?p=53310"},"modified":"2021-09-03T15:43:23","modified_gmt":"2021-09-03T15:43:23","slug":"policial-civil-participa-de-podcast-falando-sobre-a-carreira-de-policial-em-dracena","status":"publish","type":"post","link":"https:\/\/jorgezanoni.com.br\/2019\/policial-civil-participa-de-podcast-falando-sobre-a-carreira-de-policial-em-dracena\/","title":{"rendered":"Policial civil participa de podcast falando sobre a carreira de policial em Dracena"},"content":{"rendered":"<p style=\"text-align: justify;\">Nesta quinta-feira (2), o policial civil Reginaldo Rosa, da Delegacia Seccional de Pol\u00edcia de Dracena, foi convidado pelo podcast AdamiCast, que \u00e9 apresentado pelo casal Pedro e Mariana, para falar sobre a carreira de policial e as adversidades que surgem no dia a dia de trabalho.<br \/>\nIntegrante da Pol\u00edcia Civil de S\u00e3o Paulo h\u00e1 mais de 21 anos, o agente policial durante o bate-papo discorreu sobre a grande relev\u00e2ncia da profiss\u00e3o, uma vez que tem o dever de servir e proteger todos os cidad\u00e3os. Ressaltou ainda que se tornar membro de uma institui\u00e7\u00e3o policial \u00e9 um sonho para muitas pessoas, e tudo come\u00e7a a partir do ingresso num concurso p\u00fablico para \u00e1rea.<br \/>\nNo transcorrer da entrevista foram abordados temas como tr\u00e1fico de drogas, golpes virtuais, entre outros delitos penais. O agente Reginaldo Rosa destacou ainda sobre a import\u00e2ncia da preven\u00e7\u00e3o ao uso nocivo de drogas, e que a Pol\u00edcia Civil de S\u00e3o de Paulo disp\u00f5e de curso para formar agentes multiplicadores. Fato que possibilitou a ele desenvolver e apresentar palestras sobre drogas.<br \/>\nAo final, do bate-papo, foram respondidas perguntas enviadas pelos internautas, pelas redes sociais.<\/p>\n<p style=\"text-align: justify;\">Fonte: Com. Social Pol\u00edcia Civil<\/p>\n","protected":false},"excerpt":{"rendered":"<p>Nesta quinta-feira (2), o policial civil Reginaldo Rosa, da Delegacia Seccional de Pol\u00edcia de Dracena, foi convidado pelo podcast AdamiCast, que \u00e9 apresentado pelo casal Pedro e Mariana, para falar sobre a carreira de policial e as adversidades que surgem no dia a dia de trabalho. Integrante da Pol\u00edcia Civil de S\u00e3o Paulo h\u00e1 mais [&hellip;]<\/p>\n","protected":false},"author":1,"featured_media":53311,"comment_status":"closed","ping_status":"open","sticky":false,"template":"","format":"standard","meta":{"footnotes":""},"categories":[110,2],"tags":[],"class_list":["post-53310","post","type-post","status-publish","format-standard","has-post-thumbnail","hentry","category-noticiasdestaque","category-policial"],"_links":{"self":[{"href":"https:\/\/jorgezanoni.com.br\/2019\/wp-json\/wp\/v2\/posts\/53310","targetHints":{"allow":["GET"]}}],"collection":[{"href":"https:\/\/jorgezanoni.com.br\/2019\/wp-json\/wp\/v2\/posts"}],"about":[{"href":"https:\/\/jorgezanoni.com.br\/2019\/wp-json\/wp\/v2\/types\/post"}],"author":[{"embeddable":true,"href":"https:\/\/jorgezanoni.com.br\/2019\/wp-json\/wp\/v2\/users\/1"}],"replies":[{"embeddable":true,"href":"https:\/\/jorgezanoni.com.br\/2019\/wp-json\/wp\/v2\/comments?post=53310"}],"version-history":[{"count":0,"href":"https:\/\/jorgezanoni.com.br\/2019\/wp-json\/wp\/v2\/posts\/53310\/revisions"}],"wp:featuredmedia":[{"embeddable":true,"href":"https:\/\/jorgezanoni.com.br\/2019\/wp-json\/wp\/v2\/media\/53311"}],"wp:attachment":[{"href":"https:\/\/jorgezanoni.com.br\/2019\/wp-json\/wp\/v2\/media?parent=53310"}],"wp:term":[{"taxonomy":"category","embeddable":true,"href":"https:\/\/jorgezanoni.com.br\/2019\/wp-json\/wp\/v2\/categories?post=53310"},{"taxonomy":"post_tag","embeddable":true,"href":"https:\/\/jorgezanoni.com.br\/2019\/wp-json\/wp\/v2\/tags?post=53310"}],"curies":[{"name":"wp","href":"https:\/\/api.w.org\/{rel}","templated":true}]}}