{"id":53296,"date":"2021-09-03T15:23:16","date_gmt":"2021-09-03T15:23:16","guid":{"rendered":"https:\/\/jorgezanoni.com.br\/2019\/?p=53296"},"modified":"2021-09-03T15:23:16","modified_gmt":"2021-09-03T15:23:16","slug":"camara-municipal-de-dracena-celebra-7-de-setembro-com-sessao-solene-e-entrega-de-diploma-de-honra-ao-merito","status":"publish","type":"post","link":"https:\/\/jorgezanoni.com.br\/2019\/camara-municipal-de-dracena-celebra-7-de-setembro-com-sessao-solene-e-entrega-de-diploma-de-honra-ao-merito\/","title":{"rendered":"C\u00e2mara Municipal de Dracena celebra 7 de setembro com sess\u00e3o solene e entrega de Diploma de Honra ao M\u00e9rito"},"content":{"rendered":"<p><strong>Homenagem foi feita \u00e0 enfermeira Marlene Paulino da Costa Peres.<\/strong><\/p>\n<p style=\"text-align: justify;\">Entoar os Hinos Nacional, da Independ\u00eancia e a Dracena, entrega de Diploma e discursos, foi assim que a C\u00e2mara Municipal de Dracena celebrou o Dia da Independ\u00eancia nesta quinta-feira, 2 de setembro.<\/p>\n<p style=\"text-align: justify;\">O vereador-presidente C\u00e9lio Ferregutti foi quem conduziu a sess\u00e3o e em suas palavras iniciais definiu a solenidade como uma celebra\u00e7\u00e3o. &#8220;Para n\u00f3s, comemorarmos a Independ\u00eancia significa a valoriza\u00e7\u00e3o do esp\u00edrito c\u00edvico, o respeito aos valores da sociedade, \u00e0s institui\u00e7\u00f5es, aos diferentes direitos humanos e \u00e0s responsabilidades do cidad\u00e3o.&#8221;<\/p>\n<p style=\"text-align: justify;\">A solenidade contou ainda com a presen\u00e7a de autoridades civis e pol\u00edticas. Entre elas compuseram a mesa principal o prefeito Andr\u00e9 Lemos, o delegado seccional Feres Cury Karam, a homenageada Marlene Paulino da Costa Peres e o ex-prefeito Juliano Brito Bertolini vice-diretor da E.E Julieta Guedes de Mendon\u00e7a.<\/p>\n<p style=\"text-align: justify;\">No in\u00edcio da sess\u00e3o, foi entoado o Hino Nacional e o vereador Victor Palhares falou sobre a data comemorada. Em seu discurso, fez um resgate hist\u00f3rico dos acontecimentos que culminaram com a declara\u00e7\u00e3o da Independ\u00eancia do Brasil. &#8220;O dia 7 de setembro \u00e9 um marco na nossa hist\u00f3ria. Foi a partir de ent\u00e3o, que as amarras que prendiam o Brasil a Portugal come\u00e7aram a ser rompidas. (&#8230;) O imenso patriotismo daqueles que sonhavam em ter o pa\u00eds livre precisa sim ser resgatado.&#8221; Evocando ainda o nacionalismo, Palhares exaltou as riquezas das tradi\u00e7\u00f5es, costumes, cultura e m\u00fasica nacional e definiu o Brasil como &#8220;uma na\u00e7\u00e3o amiga de todos os pa\u00edses.&#8221;\u00a0<strong>\u00a0<\/strong><\/p>\n<p style=\"text-align: justify;\"><strong>Homenagem<\/strong><\/p>\n<p style=\"text-align: justify;\">A sess\u00e3o solene n\u00e3o foi somente pelo Dia da Independ\u00eancia, mas tamb\u00e9m oportunidade para entrega do Diploma de Honra ao M\u00e9rito \u00e0 enfermeira Marlene Paulino da Costa Peres, em reconhecimento pelos seus relevantes servi\u00e7os prestados \u00e0 comunidade dracenense. Ela atuou por 25 anos na \u00e1rea da sa\u00fade no Pronto Atendimento Municipal (PAM).<\/p>\n<p style=\"text-align: justify;\">Em nome do Legislativo, o vereador Rodrigo Castilho usou a Tribuna para enaltecer toda a trajet\u00f3ria pessoal e profissional da homenageada. Nos v\u00e1rios momentos em que se referiu a ela, usou palavras como &#8220;sorridente, alegre, dedicada e guerreira&#8221; para defini-la. &#8220;Uma pessoa dedicada, que sempre deu o melhor de si, sem jamais esquecer a virtude da humildade&#8221;, sintetizou.<\/p>\n<p style=\"text-align: justify;\">Sob forte aplausos e com o p\u00fablico em p\u00e9, Marlene Paulino recebeu da C\u00e2mara o Diploma de Honra ao M\u00e9rito. Emocionada, fez uso da palavra e agradeceu as homenagens. &#8220;O meu sonho era ser enfermeira. N\u00e3o tinha condi\u00e7\u00f5es e meus amigos me ajudaram a pagar o curso. (&#8230;) Se eu cheguei at\u00e9 aqui, eles tamb\u00e9m devem estar muito felizes e se sentindo muito honrados.&#8221;<\/p>\n<p style=\"text-align: justify;\">O delegado Feres Cury Karam e o prefeito Andr\u00e9 Lemos tamb\u00e9m parabenizaram a homenageada e falaram sobre o 7 de setembro. A sess\u00e3o foi finalizada com o Hino a Dracena.<\/p>\n<p style=\"text-align: justify;\">Devido ao ponto facultativo e ao feriado, os vereadores voltam a se reunir no dia 8 de setembro, a partir das 20h para a 28\u00aa sess\u00e3o ordin\u00e1ria.<\/p>\n<p><img loading=\"lazy\" decoding=\"async\" class=\"alignnone size-full wp-image-53297\" src=\"https:\/\/jorgezanoni.com.br\/2019\/wp-content\/uploads\/2021\/09\/ca.jpeg\" alt=\"\" width=\"634\" height=\"1024\" srcset=\"https:\/\/jorgezanoni.com.br\/2019\/wp-content\/uploads\/2021\/09\/ca.jpeg 634w, https:\/\/jorgezanoni.com.br\/2019\/wp-content\/uploads\/2021\/09\/ca-186x300.jpeg 186w, https:\/\/jorgezanoni.com.br\/2019\/wp-content\/uploads\/2021\/09\/ca-260x420.jpeg 260w\" sizes=\"auto, (max-width: 634px) 100vw, 634px\" \/> <img loading=\"lazy\" decoding=\"async\" class=\"alignnone size-full wp-image-53298\" src=\"https:\/\/jorgezanoni.com.br\/2019\/wp-content\/uploads\/2021\/09\/ca1.jpeg\" alt=\"\" width=\"596\" height=\"1024\" srcset=\"https:\/\/jorgezanoni.com.br\/2019\/wp-content\/uploads\/2021\/09\/ca1.jpeg 596w, https:\/\/jorgezanoni.com.br\/2019\/wp-content\/uploads\/2021\/09\/ca1-175x300.jpeg 175w, https:\/\/jorgezanoni.com.br\/2019\/wp-content\/uploads\/2021\/09\/ca1-244x420.jpeg 244w\" sizes=\"auto, (max-width: 596px) 100vw, 596px\" \/> <img loading=\"lazy\" decoding=\"async\" class=\"alignnone size-full wp-image-53300\" src=\"https:\/\/jorgezanoni.com.br\/2019\/wp-content\/uploads\/2021\/09\/ca3.jpeg\" alt=\"\" width=\"1024\" height=\"968\" srcset=\"https:\/\/jorgezanoni.com.br\/2019\/wp-content\/uploads\/2021\/09\/ca3.jpeg 1024w, https:\/\/jorgezanoni.com.br\/2019\/wp-content\/uploads\/2021\/09\/ca3-300x284.jpeg 300w, https:\/\/jorgezanoni.com.br\/2019\/wp-content\/uploads\/2021\/09\/ca3-768x726.jpeg 768w, https:\/\/jorgezanoni.com.br\/2019\/wp-content\/uploads\/2021\/09\/ca3-696x658.jpeg 696w, https:\/\/jorgezanoni.com.br\/2019\/wp-content\/uploads\/2021\/09\/ca3-444x420.jpeg 444w\" sizes=\"auto, (max-width: 1024px) 100vw, 1024px\" \/> <img loading=\"lazy\" decoding=\"async\" class=\"alignnone size-full wp-image-53301\" src=\"https:\/\/jorgezanoni.com.br\/2019\/wp-content\/uploads\/2021\/09\/ca4-2.jpeg\" alt=\"\" width=\"819\" height=\"359\" srcset=\"https:\/\/jorgezanoni.com.br\/2019\/wp-content\/uploads\/2021\/09\/ca4-2.jpeg 819w, https:\/\/jorgezanoni.com.br\/2019\/wp-content\/uploads\/2021\/09\/ca4-2-300x132.jpeg 300w, https:\/\/jorgezanoni.com.br\/2019\/wp-content\/uploads\/2021\/09\/ca4-2-768x337.jpeg 768w, https:\/\/jorgezanoni.com.br\/2019\/wp-content\/uploads\/2021\/09\/ca4-2-696x305.jpeg 696w\" sizes=\"auto, (max-width: 819px) 100vw, 819px\" \/> <img loading=\"lazy\" decoding=\"async\" class=\"alignnone size-full wp-image-53302\" src=\"https:\/\/jorgezanoni.com.br\/2019\/wp-content\/uploads\/2021\/09\/ca5.jpeg\" alt=\"\" width=\"564\" height=\"1024\" srcset=\"https:\/\/jorgezanoni.com.br\/2019\/wp-content\/uploads\/2021\/09\/ca5.jpeg 564w, https:\/\/jorgezanoni.com.br\/2019\/wp-content\/uploads\/2021\/09\/ca5-165x300.jpeg 165w, https:\/\/jorgezanoni.com.br\/2019\/wp-content\/uploads\/2021\/09\/ca5-231x420.jpeg 231w\" sizes=\"auto, (max-width: 564px) 100vw, 564px\" \/> <img loading=\"lazy\" decoding=\"async\" class=\"alignnone size-full wp-image-53303\" src=\"https:\/\/jorgezanoni.com.br\/2019\/wp-content\/uploads\/2021\/09\/ca7.jpeg\" alt=\"\" width=\"1024\" height=\"768\" srcset=\"https:\/\/jorgezanoni.com.br\/2019\/wp-content\/uploads\/2021\/09\/ca7.jpeg 1024w, https:\/\/jorgezanoni.com.br\/2019\/wp-content\/uploads\/2021\/09\/ca7-300x225.jpeg 300w, https:\/\/jorgezanoni.com.br\/2019\/wp-content\/uploads\/2021\/09\/ca7-768x576.jpeg 768w, https:\/\/jorgezanoni.com.br\/2019\/wp-content\/uploads\/2021\/09\/ca7-80x60.jpeg 80w, https:\/\/jorgezanoni.com.br\/2019\/wp-content\/uploads\/2021\/09\/ca7-265x198.jpeg 265w, https:\/\/jorgezanoni.com.br\/2019\/wp-content\/uploads\/2021\/09\/ca7-696x522.jpeg 696w, https:\/\/jorgezanoni.com.br\/2019\/wp-content\/uploads\/2021\/09\/ca7-560x420.jpeg 560w\" sizes=\"auto, (max-width: 1024px) 100vw, 1024px\" \/>Fonte: Assessoria C\u00e2mara Municipal<\/p>\n<p>&nbsp;<\/p>\n","protected":false},"excerpt":{"rendered":"<p>Homenagem foi feita \u00e0 enfermeira Marlene Paulino da Costa Peres. Entoar os Hinos Nacional, da Independ\u00eancia e a Dracena, entrega de Diploma e discursos, foi assim que a C\u00e2mara Municipal de Dracena celebrou o Dia da Independ\u00eancia nesta quinta-feira, 2 de setembro. O vereador-presidente C\u00e9lio Ferregutti foi quem conduziu a sess\u00e3o e em suas palavras [&hellip;]<\/p>\n","protected":false},"author":1,"featured_media":53299,"comment_status":"closed","ping_status":"open","sticky":false,"template":"","format":"standard","meta":{"footnotes":""},"categories":[110,116],"tags":[],"class_list":["post-53296","post","type-post","status-publish","format-standard","has-post-thumbnail","hentry","category-noticiasdestaque","category-politicaeeconomia"],"_links":{"self":[{"href":"https:\/\/jorgezanoni.com.br\/2019\/wp-json\/wp\/v2\/posts\/53296","targetHints":{"allow":["GET"]}}],"collection":[{"href":"https:\/\/jorgezanoni.com.br\/2019\/wp-json\/wp\/v2\/posts"}],"about":[{"href":"https:\/\/jorgezanoni.com.br\/2019\/wp-json\/wp\/v2\/types\/post"}],"author":[{"embeddable":true,"href":"https:\/\/jorgezanoni.com.br\/2019\/wp-json\/wp\/v2\/users\/1"}],"replies":[{"embeddable":true,"href":"https:\/\/jorgezanoni.com.br\/2019\/wp-json\/wp\/v2\/comments?post=53296"}],"version-history":[{"count":0,"href":"https:\/\/jorgezanoni.com.br\/2019\/wp-json\/wp\/v2\/posts\/53296\/revisions"}],"wp:featuredmedia":[{"embeddable":true,"href":"https:\/\/jorgezanoni.com.br\/2019\/wp-json\/wp\/v2\/media\/53299"}],"wp:attachment":[{"href":"https:\/\/jorgezanoni.com.br\/2019\/wp-json\/wp\/v2\/media?parent=53296"}],"wp:term":[{"taxonomy":"category","embeddable":true,"href":"https:\/\/jorgezanoni.com.br\/2019\/wp-json\/wp\/v2\/categories?post=53296"},{"taxonomy":"post_tag","embeddable":true,"href":"https:\/\/jorgezanoni.com.br\/2019\/wp-json\/wp\/v2\/tags?post=53296"}],"curies":[{"name":"wp","href":"https:\/\/api.w.org\/{rel}","templated":true}]}}