{"id":53281,"date":"2021-09-03T00:08:55","date_gmt":"2021-09-03T00:08:55","guid":{"rendered":"https:\/\/jorgezanoni.com.br\/2019\/?p=53281"},"modified":"2021-09-03T00:08:55","modified_gmt":"2021-09-03T00:08:55","slug":"policia-militar-prende-dois-homens-por-trafico-de-drogas-e-corrupcao-de-menor","status":"publish","type":"post","link":"https:\/\/jorgezanoni.com.br\/2019\/policia-militar-prende-dois-homens-por-trafico-de-drogas-e-corrupcao-de-menor\/","title":{"rendered":"Pol\u00edcia Militar prende dois homens por Tr\u00e1fico de Drogas e Corrup\u00e7\u00e3o de Menor"},"content":{"rendered":"<p style=\"text-align: justify;\"><strong>N\u00c3O ADIANTA CORRER: POL\u00cdCIA MILITAR EM DRACENA PRENDE DOIS HOMENS POR ATO INFRACIONAL\/TRAFICO DE DROGAS\/CORRUP\u00c7\u00c3O DE MENOR.<\/strong><\/p>\n<p style=\"text-align: justify;\">NA DATA DE HOJE 2 POR VOLTA DAS 12H A EQUIPE DA POL\u00cdCIA MILITAR RECEBEU INFORMA\u00c7\u00d5ES PELO COPOM QUE TR\u00caS INDIV\u00cdDUOS ESTARIAM VENDENDO DROGAS NA FRENTE DE UMA RESID\u00caNCIA PELO JARDIM BRASILANDIA E CHEGANDO NO LOCAL VISUALIZAMOS\u00a0 DOIS INDIV\u00cdDUOS DE 16 E 26 ANOS, QUE N\u00c3O OBEDECEREM A ORDEM DE PARADA E ENTRANDO NO CORREDOR DA RESID\u00caNCIA E O MENOR JOGOU UMA SACOLA PL\u00c1STICA DE COR PRETA NO CH\u00c3O E O MAIOR TAMB\u00c9M JOGOU UMA SACOLA DE COR VERDE PARA UMA RESID\u00caNCIA DESABITADA. VERIFICADO QUE O MENOR TINHA JOGADO NO SOLO E CONSTATANDO SER SETE POR\u00c7\u00d5ES DE CRACK DE TAMANHO GRANDE E COM AUTORIZA\u00c7\u00c3O FOI VERIFICADO O INTERIOR DA RESID\u00caNCIA E LOCALIZADO EM CIMA DO GUARDA ROUPA DO QUARTO DENTRO DE UM PEQUENO POTE DEZOITO POR\u00c7\u00d5ES DE CRACK. FOI LOCALIZADO NA RESID\u00caNCIA DESABITADA ONDE O MAIOR JOGOU DUAS SACOLAS DE COR VERDE E NO INTERIOR 5 POR\u00c7\u00d5ES DE COCAINA E NA OUTRA SACOLA UMA POR\u00c7\u00c3O DE CRACK FRAGMENTADO. FOI DADO VOZ DE PRIS\u00c3O PERMANECENDO AMBOS PRESOS DISPOSI\u00c7\u00c3O DA JUSTI\u00c7A.<\/p>\n<p>Fonte: Com. Social Pol\u00edcia Militar<\/p>\n","protected":false},"excerpt":{"rendered":"<p>N\u00c3O ADIANTA CORRER: POL\u00cdCIA MILITAR EM DRACENA PRENDE DOIS HOMENS POR ATO INFRACIONAL\/TRAFICO DE DROGAS\/CORRUP\u00c7\u00c3O DE MENOR. NA DATA DE HOJE 2 POR VOLTA DAS 12H A EQUIPE DA POL\u00cdCIA MILITAR RECEBEU INFORMA\u00c7\u00d5ES PELO COPOM QUE TR\u00caS INDIV\u00cdDUOS ESTARIAM VENDENDO DROGAS NA FRENTE DE UMA RESID\u00caNCIA PELO JARDIM BRASILANDIA E CHEGANDO NO LOCAL VISUALIZAMOS\u00a0 DOIS [&hellip;]<\/p>\n","protected":false},"author":1,"featured_media":53282,"comment_status":"closed","ping_status":"open","sticky":false,"template":"","format":"standard","meta":{"footnotes":""},"categories":[110,2],"tags":[],"class_list":["post-53281","post","type-post","status-publish","format-standard","has-post-thumbnail","hentry","category-noticiasdestaque","category-policial"],"_links":{"self":[{"href":"https:\/\/jorgezanoni.com.br\/2019\/wp-json\/wp\/v2\/posts\/53281","targetHints":{"allow":["GET"]}}],"collection":[{"href":"https:\/\/jorgezanoni.com.br\/2019\/wp-json\/wp\/v2\/posts"}],"about":[{"href":"https:\/\/jorgezanoni.com.br\/2019\/wp-json\/wp\/v2\/types\/post"}],"author":[{"embeddable":true,"href":"https:\/\/jorgezanoni.com.br\/2019\/wp-json\/wp\/v2\/users\/1"}],"replies":[{"embeddable":true,"href":"https:\/\/jorgezanoni.com.br\/2019\/wp-json\/wp\/v2\/comments?post=53281"}],"version-history":[{"count":0,"href":"https:\/\/jorgezanoni.com.br\/2019\/wp-json\/wp\/v2\/posts\/53281\/revisions"}],"wp:featuredmedia":[{"embeddable":true,"href":"https:\/\/jorgezanoni.com.br\/2019\/wp-json\/wp\/v2\/media\/53282"}],"wp:attachment":[{"href":"https:\/\/jorgezanoni.com.br\/2019\/wp-json\/wp\/v2\/media?parent=53281"}],"wp:term":[{"taxonomy":"category","embeddable":true,"href":"https:\/\/jorgezanoni.com.br\/2019\/wp-json\/wp\/v2\/categories?post=53281"},{"taxonomy":"post_tag","embeddable":true,"href":"https:\/\/jorgezanoni.com.br\/2019\/wp-json\/wp\/v2\/tags?post=53281"}],"curies":[{"name":"wp","href":"https:\/\/api.w.org\/{rel}","templated":true}]}}