{"id":53273,"date":"2021-09-02T20:54:13","date_gmt":"2021-09-02T20:54:13","guid":{"rendered":"https:\/\/jorgezanoni.com.br\/2019\/?p=53273"},"modified":"2021-09-02T20:54:13","modified_gmt":"2021-09-02T20:54:13","slug":"como-lidar-com-a-rejeicao-familiar-por-cidinha-pascoaloto","status":"publish","type":"post","link":"https:\/\/jorgezanoni.com.br\/2019\/como-lidar-com-a-rejeicao-familiar-por-cidinha-pascoaloto\/","title":{"rendered":"Como lidar com a rejei\u00e7\u00e3o familiar?  (por Cidinha Pascoaloto)"},"content":{"rendered":"<p style=\"text-align: justify;\">Como lidar com a rejei\u00e7\u00e3o familiar?<\/p>\n<p style=\"text-align: justify;\">(por Cidinha Pascoaloto)<\/p>\n<p style=\"text-align: justify;\">\u00a0A rejei\u00e7\u00e3o \u00e9 considerada uma das feridas emocionais que geram marcas profundas na vida das pessoas. A rejei\u00e7\u00e3o familiar pode se manifestar de diferentes maneiras, pode estar relacionada a quest\u00f5es social, profissional, afetivo e familiar.<\/p>\n<p style=\"text-align: justify;\">Entre todas essas quest\u00f5es, a mais dif\u00edcil de lidar \u00e9 a rejei\u00e7\u00e3o familiar, \u00e9 maior porque o ser humano tem a necessidade de estar vinculado a um grupo.\u00a0 Quando a no\u00e7\u00e3o de pertencimento \u00e9 duvidosa, as emo\u00e7\u00f5es s\u00e3o abaladas e as rela\u00e7\u00f5es, profundamente prejudicadas.<\/p>\n<p style=\"text-align: justify;\">\u00a0A fam\u00edlia \u00e9 algo que precisa estar unida ao indiv\u00edduo desde o nascimento, principalmente, quando a crian\u00e7a aprende a diferenciar sentimentos positivos e sentimentos negativos. Na inf\u00e2ncia, perceber o desprezo dos pais pode levar a um enorme sentimento de inseguran\u00e7a, o que compromete a forma de encarar a vida e a maneira de se comportar no futuro.<\/p>\n<p style=\"text-align: justify;\">Crian\u00e7as rejeitadas pelos pais ou pelos familiares pr\u00f3ximos crescem com um vazio emocional muito grande, o que faz com que elas se sintam constantemente diminu\u00eddas e abandonadas. Quando essa car\u00eancia emocional n\u00e3o \u00e9 preenchida com amor, carinho, aten\u00e7\u00e3o, compreens\u00e3o e acolhimento, esse hist\u00f3rico familiar gera graves consequ\u00eancias na sa\u00fade mental da crian\u00e7a. Ele torna um adolescente com dificuldade para lidar com suas emo\u00e7\u00f5es.<\/p>\n<p style=\"text-align: justify;\">Pais que n\u00e3o se preocupam em suprir as necessidades de beb\u00eas e de crian\u00e7as pequenas contribuem para o desenvolvimento de inseguran\u00e7a. Negligenciar alimenta\u00e7\u00e3o, higiene e afeto pode acentuar sentimento de rejei\u00e7\u00e3o e de falta de prote\u00e7\u00e3o.<\/p>\n<p style=\"text-align: justify;\">Uma das formas de rejei\u00e7\u00e3o entre familiares \u00e9 a viol\u00eancia dom\u00e9stica verbal ou f\u00edsica. Se voc\u00ea se comporta dessa forma procure ajuda de profissionais da sa\u00fade mental. Um psic\u00f3logo poder\u00e1 te orientar como compreender a rejei\u00e7\u00e3o.<\/p>\n<p style=\"text-align: justify;\"><img loading=\"lazy\" decoding=\"async\" class=\"alignnone size-full wp-image-53274\" src=\"https:\/\/jorgezanoni.com.br\/2019\/wp-content\/uploads\/2021\/09\/Cidinha-Pascoaloto.jpg\" alt=\"\" width=\"847\" height=\"1280\" srcset=\"https:\/\/jorgezanoni.com.br\/2019\/wp-content\/uploads\/2021\/09\/Cidinha-Pascoaloto.jpg 847w, https:\/\/jorgezanoni.com.br\/2019\/wp-content\/uploads\/2021\/09\/Cidinha-Pascoaloto-199x300.jpg 199w, https:\/\/jorgezanoni.com.br\/2019\/wp-content\/uploads\/2021\/09\/Cidinha-Pascoaloto-678x1024.jpg 678w, https:\/\/jorgezanoni.com.br\/2019\/wp-content\/uploads\/2021\/09\/Cidinha-Pascoaloto-768x1161.jpg 768w, https:\/\/jorgezanoni.com.br\/2019\/wp-content\/uploads\/2021\/09\/Cidinha-Pascoaloto-696x1052.jpg 696w, https:\/\/jorgezanoni.com.br\/2019\/wp-content\/uploads\/2021\/09\/Cidinha-Pascoaloto-278x420.jpg 278w\" sizes=\"auto, (max-width: 847px) 100vw, 847px\" \/>Cidinha Pascoaloto-Psic\u00f3loga-CRP 06\/158174. Terapia Cognitivo Comportamental (TCC) com foco no Luto, Depress\u00e3o e Ansiedade Atendimento presencial e online, contato: (18) 99725-6418<\/p>\n","protected":false},"excerpt":{"rendered":"<p>Como lidar com a rejei\u00e7\u00e3o familiar? (por Cidinha Pascoaloto) \u00a0A rejei\u00e7\u00e3o \u00e9 considerada uma das feridas emocionais que geram marcas profundas na vida das pessoas. A rejei\u00e7\u00e3o familiar pode se manifestar de diferentes maneiras, pode estar relacionada a quest\u00f5es social, profissional, afetivo e familiar. Entre todas essas quest\u00f5es, a mais dif\u00edcil de lidar \u00e9 a [&hellip;]<\/p>\n","protected":false},"author":1,"featured_media":53275,"comment_status":"closed","ping_status":"open","sticky":false,"template":"","format":"standard","meta":{"footnotes":""},"categories":[175],"tags":[],"class_list":["post-53273","post","type-post","status-publish","format-standard","has-post-thumbnail","hentry","category-artigos"],"_links":{"self":[{"href":"https:\/\/jorgezanoni.com.br\/2019\/wp-json\/wp\/v2\/posts\/53273","targetHints":{"allow":["GET"]}}],"collection":[{"href":"https:\/\/jorgezanoni.com.br\/2019\/wp-json\/wp\/v2\/posts"}],"about":[{"href":"https:\/\/jorgezanoni.com.br\/2019\/wp-json\/wp\/v2\/types\/post"}],"author":[{"embeddable":true,"href":"https:\/\/jorgezanoni.com.br\/2019\/wp-json\/wp\/v2\/users\/1"}],"replies":[{"embeddable":true,"href":"https:\/\/jorgezanoni.com.br\/2019\/wp-json\/wp\/v2\/comments?post=53273"}],"version-history":[{"count":0,"href":"https:\/\/jorgezanoni.com.br\/2019\/wp-json\/wp\/v2\/posts\/53273\/revisions"}],"wp:featuredmedia":[{"embeddable":true,"href":"https:\/\/jorgezanoni.com.br\/2019\/wp-json\/wp\/v2\/media\/53275"}],"wp:attachment":[{"href":"https:\/\/jorgezanoni.com.br\/2019\/wp-json\/wp\/v2\/media?parent=53273"}],"wp:term":[{"taxonomy":"category","embeddable":true,"href":"https:\/\/jorgezanoni.com.br\/2019\/wp-json\/wp\/v2\/categories?post=53273"},{"taxonomy":"post_tag","embeddable":true,"href":"https:\/\/jorgezanoni.com.br\/2019\/wp-json\/wp\/v2\/tags?post=53273"}],"curies":[{"name":"wp","href":"https:\/\/api.w.org\/{rel}","templated":true}]}}