{"id":53270,"date":"2021-09-02T19:12:25","date_gmt":"2021-09-02T19:12:25","guid":{"rendered":"https:\/\/jorgezanoni.com.br\/2019\/?p=53270"},"modified":"2021-09-02T19:12:25","modified_gmt":"2021-09-02T19:12:25","slug":"policia-civil-realiza-operacao-sentinelas-em-repressao-ao-trafico-de-drogas-em-dracena","status":"publish","type":"post","link":"https:\/\/jorgezanoni.com.br\/2019\/policia-civil-realiza-operacao-sentinelas-em-repressao-ao-trafico-de-drogas-em-dracena\/","title":{"rendered":"Pol\u00edcia Civil realiza opera\u00e7\u00e3o &#8220;Sentinelas&#8221; em repress\u00e3o ao Tr\u00e1fico de Drogas em Dracena"},"content":{"rendered":"<p style=\"text-align: justify;\"><strong>A\u00e7\u00e3o visou reprimir pontos de tr\u00e1ficos de drogas. Foram apreendidas v\u00e1rias por\u00e7\u00f5es de maconha, acess\u00f3rios para embalar entorpecentes e uma faca com resqu\u00edcios semelhante de maconha, na l\u00e2mina.<\/strong><\/p>\n<p style=\"text-align: justify;\">A Pol\u00edcia Civil, por interm\u00e9dio das Unidades Especializadas (Delegacia de Investiga\u00e7\u00f5es Sobre Entorpecentes &#8211; DISE e Delegacia de Investiga\u00e7\u00f5es Gerais &#8211; DIG), com apoio do Grupo de Opera\u00e7\u00f5es Especial &#8211; GOE, deflagrou na manh\u00e3 desta quinta (2), a opera\u00e7\u00e3o \u201cSentinelas\u201d.<\/p>\n<p style=\"text-align: justify;\">Os mandados judiciais, expedidos pela 3\u00aa Vara Criminal da Comarca de Dracena, foram cumpridos em tr\u00eas im\u00f3veis residenciais localizados nos bairros Jardim Brasil\u00e2ndia, Jardim Vera Cruz e Jardim Bela Vista. Trata-se de trabalhos investigativos desenvolvidos pelas Unidades Especializadas, que ap\u00f3s reunir ind\u00edcios da pr\u00e1tica de trafic\u00e2ncia de drogas, representou para Justi\u00e7a os pedidos de mandados de busca e apreens\u00e3o domiciliar.<\/p>\n<p style=\"text-align: justify;\">A opera\u00e7\u00e3o \u201cSentinelas\u201d resultou na apreens\u00e3o de v\u00e1rias por\u00e7\u00f5es de maconha, acess\u00f3rios para embalar entorpecentes e uma faca com resqu\u00edcios semelhante de maconha na l\u00e2mina, que foram encontradas na casa de um homem de 24 anos, morador do bairro Jardim Brasil\u00e2ndia, o indiv\u00edduo n\u00e3o foi localizado no local. A busca no im\u00f3vel foi acompanhada por familiares do suspeito.<\/p>\n<p style=\"text-align: justify;\">As investiga\u00e7\u00f5es ter\u00e3o prosseguimento, em fase de inqu\u00e9rito policial, pela pr\u00e1tica do crime de tr\u00e1fico de drogas. Participaram da Opera\u00e7\u00e3o \u201cSentinelas\u201d 15 policiais civis, em 6 viaturas operacionais.<\/p>\n<p style=\"text-align: justify;\">Den\u00fancias an\u00f4nimas sobre pontos de tr\u00e1fico de drogas podem ser feitas pelo Disque Den\u00fancia 181, ou pelo fone (18) 3821 3753, da Delegacia de Investiga\u00e7\u00e3o Sobre Entorpecentes &#8211; DISE. O sigilo e o anonimato s\u00e3o garantidos.<\/p>\n<p style=\"text-align: justify;\">Fonte: Com. Social Pol\u00edcia Civil<\/p>\n","protected":false},"excerpt":{"rendered":"<p>A\u00e7\u00e3o visou reprimir pontos de tr\u00e1ficos de drogas. Foram apreendidas v\u00e1rias por\u00e7\u00f5es de maconha, acess\u00f3rios para embalar entorpecentes e uma faca com resqu\u00edcios semelhante de maconha, na l\u00e2mina. A Pol\u00edcia Civil, por interm\u00e9dio das Unidades Especializadas (Delegacia de Investiga\u00e7\u00f5es Sobre Entorpecentes &#8211; DISE e Delegacia de Investiga\u00e7\u00f5es Gerais &#8211; DIG), com apoio do Grupo de [&hellip;]<\/p>\n","protected":false},"author":1,"featured_media":53271,"comment_status":"closed","ping_status":"open","sticky":false,"template":"","format":"standard","meta":{"footnotes":""},"categories":[110,2],"tags":[],"class_list":["post-53270","post","type-post","status-publish","format-standard","has-post-thumbnail","hentry","category-noticiasdestaque","category-policial"],"_links":{"self":[{"href":"https:\/\/jorgezanoni.com.br\/2019\/wp-json\/wp\/v2\/posts\/53270","targetHints":{"allow":["GET"]}}],"collection":[{"href":"https:\/\/jorgezanoni.com.br\/2019\/wp-json\/wp\/v2\/posts"}],"about":[{"href":"https:\/\/jorgezanoni.com.br\/2019\/wp-json\/wp\/v2\/types\/post"}],"author":[{"embeddable":true,"href":"https:\/\/jorgezanoni.com.br\/2019\/wp-json\/wp\/v2\/users\/1"}],"replies":[{"embeddable":true,"href":"https:\/\/jorgezanoni.com.br\/2019\/wp-json\/wp\/v2\/comments?post=53270"}],"version-history":[{"count":0,"href":"https:\/\/jorgezanoni.com.br\/2019\/wp-json\/wp\/v2\/posts\/53270\/revisions"}],"wp:featuredmedia":[{"embeddable":true,"href":"https:\/\/jorgezanoni.com.br\/2019\/wp-json\/wp\/v2\/media\/53271"}],"wp:attachment":[{"href":"https:\/\/jorgezanoni.com.br\/2019\/wp-json\/wp\/v2\/media?parent=53270"}],"wp:term":[{"taxonomy":"category","embeddable":true,"href":"https:\/\/jorgezanoni.com.br\/2019\/wp-json\/wp\/v2\/categories?post=53270"},{"taxonomy":"post_tag","embeddable":true,"href":"https:\/\/jorgezanoni.com.br\/2019\/wp-json\/wp\/v2\/tags?post=53270"}],"curies":[{"name":"wp","href":"https:\/\/api.w.org\/{rel}","templated":true}]}}