{"id":53264,"date":"2021-09-02T19:00:24","date_gmt":"2021-09-02T19:00:24","guid":{"rendered":"https:\/\/jorgezanoni.com.br\/2019\/?p=53264"},"modified":"2021-09-02T19:00:24","modified_gmt":"2021-09-02T19:00:24","slug":"musica-e-danca-alunos-do-anglo-cid-retornam-a-atividades-extracurriculares-presencialmente","status":"publish","type":"post","link":"https:\/\/jorgezanoni.com.br\/2019\/musica-e-danca-alunos-do-anglo-cid-retornam-a-atividades-extracurriculares-presencialmente\/","title":{"rendered":"M\u00fasica e dan\u00e7a: alunos do Anglo-CID retornam a atividades extracurriculares presencialmente"},"content":{"rendered":"<p style=\"text-align: justify;\"><i><strong>No contraturno das aulas, os estudantes podem participar gratuitamente dos programas educativos oferecidos pelo col\u00e9gio.<\/strong><\/i><\/p>\n<p><span style=\"font-size: large;\">O Col\u00e9gio Anglo-CID reconhece a import\u00e2ncia do lazer unido ao aprendizado, visando desenvolver habilidades emocionais e cognitivas que auxiliem no processo ensino-aprendizagem. Assim, oferece gratuitamente aos alunos, no per\u00edodo vespertino, os projetos: Can\u00e7\u00f5es, Anglo Dance e Anglo Esporte. Com a pandemia, estas atividades foram adaptadas para o formato digital, mas agora est\u00e3o sendo retomadas presencialmente com toda a seguran\u00e7a.<\/span><\/p>\n<p><b><span style=\"font-size: large;\">As aulas do grupo Anglo Dance voltaram!!<\/span><br \/>\n<span style=\"font-size: large;\">Ent\u00e3o, vamos colocar o corpo pra mexer!!<\/span><\/b><\/p>\n<p><span style=\"font-size: large;\">As alunas da turma extra da \u00faltima quinta-feira (26) ainda estavam euf\u00f3ricas com o retorno das atividades de dan\u00e7a, falavam todas ao mesmo tempo e os coment\u00e1rios foram muitos: &#8220;fic\u00e1vamos em casa&#8221;, &#8220;lendo&#8221;, &#8220;desenhando&#8221;, &#8220;vendo Netflix&#8221;, &#8220;no computador&#8221;, &#8220;dormindo&#8221;, &#8220;sempre fui apaixonada por dan\u00e7a&#8221;, &#8220;as aulas on-line n\u00e3o eram a mesma coisa&#8221;, &#8220;faltava o presencial&#8221;, &#8220;estar com as amigas&#8221;, &#8220;fa\u00e7o dan\u00e7a desde que entrei no col\u00e9gio&#8221;, &#8220;sentia muita falta das aulas&#8221;&#8230;<\/span><\/p>\n<p><span style=\"font-size: large;\">A Profa. Esp. Aline Siqueira, profissional de Educa\u00e7\u00e3o F\u00edsica que coordena o Anglo Dance, ainda acrescentou: &#8220;quando elas me viam no corredor do col\u00e9gio, sempre perguntavam quando nossas aulas iriam voltar&#8221;.<\/span><\/p>\n<p><span style=\"font-size: large;\">&#8220;As aulas de dan\u00e7a sempre foram importantes para trabalhar a capacidade motora e a sa\u00fade, por\u00e9m, mais do que nunca, trabalhar em grupo e explorar a criatividade das alunas \u00e9 necess\u00e1rio e valioso, pois todos passaram por momentos dif\u00edceis e de isolamento. Agora,\u00a0<\/span>poder<span style=\"font-size: large;\">\u00a0novamente estar com os amigos, fazendo algo que traz bem-estar f\u00edsico e mental \u00e9 fundamental&#8221;, destaca a professora. &#8220;\u00c9 gratificante ver no olhar de cada aluna o quanto gostam de estar na escola, dan\u00e7ando e se divertindo&#8221;, finaliza.<\/span><\/p>\n<p><span style=\"font-size: large;\">Eul\u00e1lia Pires Fava, diretora do Anglo-CID, ressalta que &#8220;o projeto Anglo Dance vem ao encontro dos anseios de muitas alunas que gostam de dan\u00e7a e encontram no Anglo esse espa\u00e7o para desenvolverem suas habilidades em momentos de lazer e divers\u00e3o. Tivemos o compromisso \u00a0de reiniciar nossas atividades extracurriculares com toda seguran\u00e7a. A alegria se faz presente nas aulas e no ambiente escolar&#8221;, ressalta a diretora.<\/span><\/p>\n<p><span style=\"font-size: large;\">As turmas de dan\u00e7a s\u00e3o separadas por faixa et\u00e1ria para um melhor aprendizado, al\u00e9m de atender ao limite do protocolo sanit\u00e1rio a ser seguido. O Anglo Dance traz aos alunos a oportunidade de trabalhar as capacidades motoras, o esp\u00edrito de equipe, a concentra\u00e7\u00e3o e a criatividade.<\/span><\/p>\n<p><span style=\"font-size: large;\">Em uma sala preparada com espelhos, colchonetes e outros materiais pr\u00f3prios para a dan\u00e7a, as turmas t\u00eam aulas de jazz e alongamento e criam coreografias individuais, em parceria com outros alunos e\/ou com a professora.<\/span><\/p>\n<p><span style=\"font-size: large;\">As aulas s\u00e3o gratuitas e oferecidas \u00e0s segundas e quintas-feiras, das 13h30 \u00e0s 17h40 (cada turma em seu pr\u00f3prio hor\u00e1rio). Os interessados devem entrar em contato com a Secretaria do Anglo-CID pelo telefone: (18) 3821-9007.<\/span><\/p>\n<p><b><span style=\"font-size: large;\">Vamos manter o ritmo!!<\/span><br \/>\n<span style=\"font-size: large;\">As aulas do projeto Can\u00e7\u00f5es tamb\u00e9m voltaram!!<\/span><\/b><\/p>\n<p><span style=\"font-size: large;\">Outro projeto tamb\u00e9m muito querido pelos alunos \u00e9 o Can\u00e7\u00f5es que, al\u00e9m de canto coral, inclui aulas de instrumentos como saxofone, ukulele, viol\u00e3o, teclado, violino, bateria e tubos percussivos. Os alunos fazem a op\u00e7\u00e3o pelo instrumento que desejam aprender (e pode ser mais de um) e as aulas s\u00e3o ministradas com aux\u00edlio de monitores nas \u00e1reas de cordas e sopro.<\/span><\/p>\n<p><span style=\"font-size: large;\">A Profa. Esp. Fl\u00e1via Araujo Antonio Barros, pedagoga e t\u00e9cnica em M\u00fasica, ministra as aulas juntamente com a Profa. Jaqueline de Britos Silva (viol\u00e3o, saxofone e ukulele). O projeto ainda conta com dois estagi\u00e1rios, que s\u00e3o alunos da escola: o Guilherme Augusto de Souza, que d\u00e1 aulas de teclado e violino, e o Jo\u00e3o Gabriel de Oliveira Bacelar, que d\u00e1 aulas de saxofone.<\/span><\/p>\n<p><span style=\"font-size: large;\">&#8220;O projeto Can\u00e7\u00f5es est\u00e1 retornando para a vida dos alunos em um momento prop\u00edcio de recome\u00e7o. Tenho percebido neles muita alegria e vontade de estar no projeto. Os momentos mais dif\u00edceis j\u00e1 passaram, agora est\u00e1 na hora de afinar os instrumentos, recome\u00e7ar e seguir em frente. O Can\u00e7\u00f5es proporciona n\u00e3o somente aprendizagem, mas alegria e a sensa\u00e7\u00e3o de conquista&#8221;, pondera a Profa. Esp. Fl\u00e1via.<\/span><\/p>\n<p><span style=\"font-size: large;\">A m\u00fasica auxilia na autodisciplina, na paci\u00eancia, fortalece a mem\u00f3ria, melhora a concentra\u00e7\u00e3o e a aten\u00e7\u00e3o, diminui o estresse, promove o autoconhecimento, melhora a sensibilidade e ajuda a criar v\u00ednculos, em especial nesse momento ap\u00f3s o isolamento que viemos enfrentando.<\/span><\/p>\n<p><span style=\"font-size: large;\">As aulas do projeto Can\u00e7\u00f5es s\u00e3o gratuitas e oferecidas de segunda a quinta-feira, das 13h20 \u00e0s 17h30. Os interessados devem entrar em contato com a Secretaria do Anglo-CID pelo telefone: (18) 3821-9007.<\/span><\/p>\n<p><span style=\"font-size: large;\">A diretora do Anglo-CID, Eul\u00e1lia Pires Fava, ressalta que &#8220;o retorno do projeto Can\u00e7\u00f5es se faz muito importante neste momento em que iniciamos mudan\u00e7as no retorno \u00e0s atividades escolares. A m\u00fasica e o canto auxiliam no desenvolvimento da mente humana, promovendo equil\u00edbrio e \u00a0proporcionando um estado agrad\u00e1vel de bem-estar, facilitando assim a concentra\u00e7\u00e3o e o desenvolvimento do racioc\u00ednio. A alegria das crian\u00e7as e os sons dos instrumentos musicais voltaram a encher os espa\u00e7os escolares que ficaram silenciosos por muitos meses&#8221;.<\/span><\/p>\n<p><span style=\"font-size: large;\">A diretora acrescenta que ainda n\u00e3o foi poss\u00edvel retornar \u00e0s atividades presenciais do Anglo Esporte, mas que uma proposta para isso est\u00e1 em estudo.<\/span><\/p>\n<p><span style=\"font-size: large;\"><b>Apoio Pedag\u00f3gico<\/b><\/span><\/p>\n<p><span style=\"font-size: large;\">Al\u00e9m das atividades extracurriculares gratuitas, os alunos do Col\u00e9gio Anglo-CID tamb\u00e9m contam com o Apoio Pedag\u00f3gico, caso estejam com alguma dificuldade. Os grupos de estudos auxiliam no desenvolvimento das habilidades de leitura, escrita, c\u00e1lculos matem\u00e1ticos, compreens\u00e3o e aplica\u00e7\u00e3o das opera\u00e7\u00f5es matem\u00e1ticas fundamentais.<\/span><\/p>\n<p><img loading=\"lazy\" decoding=\"async\" class=\"alignnone size-full wp-image-53265\" src=\"https:\/\/jorgezanoni.com.br\/2019\/wp-content\/uploads\/2021\/09\/danca.jpg\" alt=\"\" width=\"1200\" height=\"900\" srcset=\"https:\/\/jorgezanoni.com.br\/2019\/wp-content\/uploads\/2021\/09\/danca.jpg 1200w, https:\/\/jorgezanoni.com.br\/2019\/wp-content\/uploads\/2021\/09\/danca-300x225.jpg 300w, https:\/\/jorgezanoni.com.br\/2019\/wp-content\/uploads\/2021\/09\/danca-1024x768.jpg 1024w, https:\/\/jorgezanoni.com.br\/2019\/wp-content\/uploads\/2021\/09\/danca-768x576.jpg 768w, https:\/\/jorgezanoni.com.br\/2019\/wp-content\/uploads\/2021\/09\/danca-80x60.jpg 80w, https:\/\/jorgezanoni.com.br\/2019\/wp-content\/uploads\/2021\/09\/danca-265x198.jpg 265w, https:\/\/jorgezanoni.com.br\/2019\/wp-content\/uploads\/2021\/09\/danca-696x522.jpg 696w, https:\/\/jorgezanoni.com.br\/2019\/wp-content\/uploads\/2021\/09\/danca-1068x801.jpg 1068w, https:\/\/jorgezanoni.com.br\/2019\/wp-content\/uploads\/2021\/09\/danca-560x420.jpg 560w\" sizes=\"auto, (max-width: 1200px) 100vw, 1200px\" \/>Fonte: Departamento de Comunica\u00e7\u00e3o Fundec<\/p>\n","protected":false},"excerpt":{"rendered":"<p>No contraturno das aulas, os estudantes podem participar gratuitamente dos programas educativos oferecidos pelo col\u00e9gio. O Col\u00e9gio Anglo-CID reconhece a import\u00e2ncia do lazer unido ao aprendizado, visando desenvolver habilidades emocionais e cognitivas que auxiliem no processo ensino-aprendizagem. Assim, oferece gratuitamente aos alunos, no per\u00edodo vespertino, os projetos: Can\u00e7\u00f5es, Anglo Dance e Anglo Esporte. Com a [&hellip;]<\/p>\n","protected":false},"author":1,"featured_media":53266,"comment_status":"closed","ping_status":"open","sticky":false,"template":"","format":"standard","meta":{"footnotes":""},"categories":[110,122],"tags":[],"class_list":["post-53264","post","type-post","status-publish","format-standard","has-post-thumbnail","hentry","category-noticiasdestaque","category-saudeeducacaoeconcurso"],"_links":{"self":[{"href":"https:\/\/jorgezanoni.com.br\/2019\/wp-json\/wp\/v2\/posts\/53264","targetHints":{"allow":["GET"]}}],"collection":[{"href":"https:\/\/jorgezanoni.com.br\/2019\/wp-json\/wp\/v2\/posts"}],"about":[{"href":"https:\/\/jorgezanoni.com.br\/2019\/wp-json\/wp\/v2\/types\/post"}],"author":[{"embeddable":true,"href":"https:\/\/jorgezanoni.com.br\/2019\/wp-json\/wp\/v2\/users\/1"}],"replies":[{"embeddable":true,"href":"https:\/\/jorgezanoni.com.br\/2019\/wp-json\/wp\/v2\/comments?post=53264"}],"version-history":[{"count":0,"href":"https:\/\/jorgezanoni.com.br\/2019\/wp-json\/wp\/v2\/posts\/53264\/revisions"}],"wp:featuredmedia":[{"embeddable":true,"href":"https:\/\/jorgezanoni.com.br\/2019\/wp-json\/wp\/v2\/media\/53266"}],"wp:attachment":[{"href":"https:\/\/jorgezanoni.com.br\/2019\/wp-json\/wp\/v2\/media?parent=53264"}],"wp:term":[{"taxonomy":"category","embeddable":true,"href":"https:\/\/jorgezanoni.com.br\/2019\/wp-json\/wp\/v2\/categories?post=53264"},{"taxonomy":"post_tag","embeddable":true,"href":"https:\/\/jorgezanoni.com.br\/2019\/wp-json\/wp\/v2\/tags?post=53264"}],"curies":[{"name":"wp","href":"https:\/\/api.w.org\/{rel}","templated":true}]}}