{"id":53257,"date":"2021-09-02T16:45:31","date_gmt":"2021-09-02T16:45:31","guid":{"rendered":"https:\/\/jorgezanoni.com.br\/2019\/?p=53257"},"modified":"2021-09-02T16:45:31","modified_gmt":"2021-09-02T16:45:31","slug":"base-para-reservatorio-do-bairro-iandara-recebe-concreto","status":"publish","type":"post","link":"https:\/\/jorgezanoni.com.br\/2019\/base-para-reservatorio-do-bairro-iandara-recebe-concreto\/","title":{"rendered":"Base para reservat\u00f3rio do Bairro Iandara recebe concreto"},"content":{"rendered":"<p style=\"text-align: justify;\">Nesta quinta-feira, empresa contratada pela EMDAEP realizou a concretagem da base de sustenta\u00e7\u00e3o do reservat\u00f3rio que ser\u00e1 instalado no Bairro Iandara. Nas brocas e na base foram aplicados 24 metros c\u00fabicos de concreto.<br \/>\nEm mais 15 dias a base estar\u00e1 finalizada para receber o reservat\u00f3rio de 80 mil litros, que j\u00e1 est\u00e1 dispon\u00edvel para ser transportado ao local. O objetivo \u00e9 atender Iandara plenamente com o abastecimento de \u00e1gua, mesmo com futuras constru\u00e7\u00f5es de im\u00f3veis.<br \/>\nO vice-prefeito Guido Francisco Baggio, presidente da EMDAEP e a diretora Nat\u00e1lia Sosin acompanharam os servi\u00e7os de concretagem juntamente com o engenheiro Gabriel Rossi.<br \/>\nO primeiro reservat\u00f3rio no Bairro Iandara foi implantado em setembro de 2000. Em mar\u00e7o de 2012 surgiu o segundo e atual.<\/p>\n<div style=\"width: 696px;\" class=\"wp-video\"><video class=\"wp-video-shortcode\" id=\"video-53257-1\" width=\"696\" height=\"394\" preload=\"metadata\" controls=\"controls\"><source type=\"video\/mp4\" src=\"https:\/\/jorgezanoni.com.br\/2019\/wp-content\/uploads\/2021\/09\/WhatsApp-Video-2021-09-02-at-13.04.51.mp4?_=1\" \/><a href=\"https:\/\/jorgezanoni.com.br\/2019\/wp-content\/uploads\/2021\/09\/WhatsApp-Video-2021-09-02-at-13.04.51.mp4\">https:\/\/jorgezanoni.com.br\/2019\/wp-content\/uploads\/2021\/09\/WhatsApp-Video-2021-09-02-at-13.04.51.mp4<\/a><\/video><\/div>\n<p style=\"text-align: justify;\">Ass. Rela\u00e7\u00f5es P\u00fablicas da EMDAEP<\/p>\n","protected":false},"excerpt":{"rendered":"<p>Nesta quinta-feira, empresa contratada pela EMDAEP realizou a concretagem da base de sustenta\u00e7\u00e3o do reservat\u00f3rio que ser\u00e1 instalado no Bairro Iandara. Nas brocas e na base foram aplicados 24 metros c\u00fabicos de concreto. Em mais 15 dias a base estar\u00e1 finalizada para receber o reservat\u00f3rio de 80 mil litros, que j\u00e1 est\u00e1 dispon\u00edvel para ser [&hellip;]<\/p>\n","protected":false},"author":1,"featured_media":53259,"comment_status":"closed","ping_status":"open","sticky":false,"template":"","format":"standard","meta":{"footnotes":""},"categories":[179,184,110,169],"tags":[],"class_list":["post-53257","post","type-post","status-publish","format-standard","has-post-thumbnail","hentry","category-cidadeseregiao","category-dracena","category-noticiasdestaque","category-videos"],"_links":{"self":[{"href":"https:\/\/jorgezanoni.com.br\/2019\/wp-json\/wp\/v2\/posts\/53257","targetHints":{"allow":["GET"]}}],"collection":[{"href":"https:\/\/jorgezanoni.com.br\/2019\/wp-json\/wp\/v2\/posts"}],"about":[{"href":"https:\/\/jorgezanoni.com.br\/2019\/wp-json\/wp\/v2\/types\/post"}],"author":[{"embeddable":true,"href":"https:\/\/jorgezanoni.com.br\/2019\/wp-json\/wp\/v2\/users\/1"}],"replies":[{"embeddable":true,"href":"https:\/\/jorgezanoni.com.br\/2019\/wp-json\/wp\/v2\/comments?post=53257"}],"version-history":[{"count":0,"href":"https:\/\/jorgezanoni.com.br\/2019\/wp-json\/wp\/v2\/posts\/53257\/revisions"}],"wp:featuredmedia":[{"embeddable":true,"href":"https:\/\/jorgezanoni.com.br\/2019\/wp-json\/wp\/v2\/media\/53259"}],"wp:attachment":[{"href":"https:\/\/jorgezanoni.com.br\/2019\/wp-json\/wp\/v2\/media?parent=53257"}],"wp:term":[{"taxonomy":"category","embeddable":true,"href":"https:\/\/jorgezanoni.com.br\/2019\/wp-json\/wp\/v2\/categories?post=53257"},{"taxonomy":"post_tag","embeddable":true,"href":"https:\/\/jorgezanoni.com.br\/2019\/wp-json\/wp\/v2\/tags?post=53257"}],"curies":[{"name":"wp","href":"https:\/\/api.w.org\/{rel}","templated":true}]}}