{"id":53248,"date":"2021-09-02T12:49:32","date_gmt":"2021-09-02T12:49:32","guid":{"rendered":"https:\/\/jorgezanoni.com.br\/2019\/?p=53248"},"modified":"2021-09-02T12:49:32","modified_gmt":"2021-09-02T12:49:32","slug":"lixo-domestico-agricultura-informa-sobre-alteracao-de-dia-da-coleta","status":"publish","type":"post","link":"https:\/\/jorgezanoni.com.br\/2019\/lixo-domestico-agricultura-informa-sobre-alteracao-de-dia-da-coleta\/","title":{"rendered":"LIXO DOM\u00c9STICO: Agricultura informa sobre altera\u00e7\u00e3o de Dia da Coleta"},"content":{"rendered":"<p style=\"text-align: justify;\">A Secretaria de Agricultura, Meio Ambiente e Limpeza P\u00fablica informa que a coleta de lixo dom\u00e9stico em toda munic\u00edpio de Dracena retornar\u00e1 a ocorrer na madrugada de sexta para s\u00e1bado. N\u00e3o ser\u00e1 mais efetuada na madrugada de domingo.<br \/>\nO secret\u00e1rio Silas Teixeira pede a colabora\u00e7\u00e3o dos moradores para que se organizem, para que o servi\u00e7o de coleta tenha sucesso.<\/p>\n<p style=\"text-align: justify;\">Fonte: Diretoria de Comunica\u00e7\u00e3o<\/p>\n","protected":false},"excerpt":{"rendered":"<p>A Secretaria de Agricultura, Meio Ambiente e Limpeza P\u00fablica informa que a coleta de lixo dom\u00e9stico em toda munic\u00edpio de Dracena retornar\u00e1 a ocorrer na madrugada de sexta para s\u00e1bado. N\u00e3o ser\u00e1 mais efetuada na madrugada de domingo. O secret\u00e1rio Silas Teixeira pede a colabora\u00e7\u00e3o dos moradores para que se organizem, para que o servi\u00e7o [&hellip;]<\/p>\n","protected":false},"author":1,"featured_media":53249,"comment_status":"closed","ping_status":"open","sticky":false,"template":"","format":"standard","meta":{"footnotes":""},"categories":[179,184,110],"tags":[],"class_list":["post-53248","post","type-post","status-publish","format-standard","has-post-thumbnail","hentry","category-cidadeseregiao","category-dracena","category-noticiasdestaque"],"_links":{"self":[{"href":"https:\/\/jorgezanoni.com.br\/2019\/wp-json\/wp\/v2\/posts\/53248","targetHints":{"allow":["GET"]}}],"collection":[{"href":"https:\/\/jorgezanoni.com.br\/2019\/wp-json\/wp\/v2\/posts"}],"about":[{"href":"https:\/\/jorgezanoni.com.br\/2019\/wp-json\/wp\/v2\/types\/post"}],"author":[{"embeddable":true,"href":"https:\/\/jorgezanoni.com.br\/2019\/wp-json\/wp\/v2\/users\/1"}],"replies":[{"embeddable":true,"href":"https:\/\/jorgezanoni.com.br\/2019\/wp-json\/wp\/v2\/comments?post=53248"}],"version-history":[{"count":0,"href":"https:\/\/jorgezanoni.com.br\/2019\/wp-json\/wp\/v2\/posts\/53248\/revisions"}],"wp:featuredmedia":[{"embeddable":true,"href":"https:\/\/jorgezanoni.com.br\/2019\/wp-json\/wp\/v2\/media\/53249"}],"wp:attachment":[{"href":"https:\/\/jorgezanoni.com.br\/2019\/wp-json\/wp\/v2\/media?parent=53248"}],"wp:term":[{"taxonomy":"category","embeddable":true,"href":"https:\/\/jorgezanoni.com.br\/2019\/wp-json\/wp\/v2\/categories?post=53248"},{"taxonomy":"post_tag","embeddable":true,"href":"https:\/\/jorgezanoni.com.br\/2019\/wp-json\/wp\/v2\/tags?post=53248"}],"curies":[{"name":"wp","href":"https:\/\/api.w.org\/{rel}","templated":true}]}}