{"id":53245,"date":"2021-09-02T12:18:22","date_gmt":"2021-09-02T12:18:22","guid":{"rendered":"https:\/\/jorgezanoni.com.br\/2019\/?p=53245"},"modified":"2021-09-02T12:18:22","modified_gmt":"2021-09-02T12:18:22","slug":"motociclista-fica-ferido-em-acidente-na-sp-294","status":"publish","type":"post","link":"https:\/\/jorgezanoni.com.br\/2019\/motociclista-fica-ferido-em-acidente-na-sp-294\/","title":{"rendered":"Motociclista fica ferido em acidente na SP-294"},"content":{"rendered":"<p style=\"text-align: justify;\">Na manh\u00e3 desta quarta-feira o condutor de uma motocicleta trafegava pela Rodovia Comandante Jo\u00e3o Ribeiro de Barros no sentido de Tup\u00e3 para Hercul\u00e2ndia, quando nas imedia\u00e7\u00f5es da AABB acabou sendo atingido lateralmente por um ve\u00edculo EcoSport que trafegava no mesmo sentido e dire\u00e7\u00e3o.<\/p>\n<p style=\"text-align: justify;\"><a href=\"https:\/\/i0.wp.com\/ifolharegional.com.br\/wp-content\/uploads\/2021\/09\/WhatsApp-Image-2021-09-01-at-17.56.27.jpeg?ssl=1\"><img loading=\"lazy\" decoding=\"async\" class=\"aligncenter wp-image-43961\" src=\"https:\/\/i0.wp.com\/ifolharegional.com.br\/wp-content\/uploads\/2021\/09\/WhatsApp-Image-2021-09-01-at-17.56.27.jpeg?resize=547%2C410&amp;ssl=1\" sizes=\"auto, (max-width: 547px) 100vw, 547px\" srcset=\"https:\/\/i0.wp.com\/ifolharegional.com.br\/wp-content\/uploads\/2021\/09\/WhatsApp-Image-2021-09-01-at-17.56.27.jpeg?resize=1024%2C768&amp;ssl=1 1024w, https:\/\/i0.wp.com\/ifolharegional.com.br\/wp-content\/uploads\/2021\/09\/WhatsApp-Image-2021-09-01-at-17.56.27.jpeg?resize=300%2C225&amp;ssl=1 300w, https:\/\/i0.wp.com\/ifolharegional.com.br\/wp-content\/uploads\/2021\/09\/WhatsApp-Image-2021-09-01-at-17.56.27.jpeg?resize=768%2C576&amp;ssl=1 768w, https:\/\/i0.wp.com\/ifolharegional.com.br\/wp-content\/uploads\/2021\/09\/WhatsApp-Image-2021-09-01-at-17.56.27.jpeg?resize=1536%2C1152&amp;ssl=1 1536w, https:\/\/i0.wp.com\/ifolharegional.com.br\/wp-content\/uploads\/2021\/09\/WhatsApp-Image-2021-09-01-at-17.56.27.jpeg?w=1600&amp;ssl=1 1600w, https:\/\/i0.wp.com\/ifolharegional.com.br\/wp-content\/uploads\/2021\/09\/WhatsApp-Image-2021-09-01-at-17.56.27.jpeg?w=1480&amp;ssl=1 1480w\" alt=\"\" width=\"547\" height=\"410\" data-attachment-id=\"43961\" data-permalink=\"https:\/\/ifolharegional.com.br\/2021\/09\/01\/motociclista-fica-ferido-em-acidente-na-sp-294-3\/whatsapp-image-2021-09-01-at-17-56-27\/\" data-orig-file=\"https:\/\/i0.wp.com\/ifolharegional.com.br\/wp-content\/uploads\/2021\/09\/WhatsApp-Image-2021-09-01-at-17.56.27.jpeg?fit=1600%2C1200&amp;ssl=1\" data-orig-size=\"1600,1200\" data-comments-opened=\"0\" data-image-meta=\"{&quot;aperture&quot;:&quot;0&quot;,&quot;credit&quot;:&quot;&quot;,&quot;camera&quot;:&quot;&quot;,&quot;caption&quot;:&quot;&quot;,&quot;created_timestamp&quot;:&quot;0&quot;,&quot;copyright&quot;:&quot;&quot;,&quot;focal_length&quot;:&quot;0&quot;,&quot;iso&quot;:&quot;0&quot;,&quot;shutter_speed&quot;:&quot;0&quot;,&quot;title&quot;:&quot;&quot;,&quot;orientation&quot;:&quot;0&quot;}\" data-image-title=\"WhatsApp Image 2021-09-01 at 17.56.27\" data-image-description=\"\" data-image-caption=\"\" data-medium-file=\"https:\/\/i0.wp.com\/ifolharegional.com.br\/wp-content\/uploads\/2021\/09\/WhatsApp-Image-2021-09-01-at-17.56.27.jpeg?fit=300%2C225&amp;ssl=1\" data-large-file=\"https:\/\/i0.wp.com\/ifolharegional.com.br\/wp-content\/uploads\/2021\/09\/WhatsApp-Image-2021-09-01-at-17.56.27.jpeg?fit=740%2C555&amp;ssl=1\" data-recalc-dims=\"1\" \/><\/a><\/p>\n<p style=\"text-align: justify;\">O motociclista foi projetado ao solo sofrendo diversas escoria\u00e7\u00f5es, e foi socorrido pela Unidade de Suporte Avan\u00e7ado da Concession\u00e1ria Eixo, com suspeita de fratura na clav\u00edcula para Santa Casa de Tup\u00e3.<\/p>\n<p style=\"text-align: justify;\"><a href=\"https:\/\/i1.wp.com\/ifolharegional.com.br\/wp-content\/uploads\/2021\/09\/WhatsApp-Image-2021-09-01-at-17.57.01.jpeg?ssl=1\"><img loading=\"lazy\" decoding=\"async\" class=\"aligncenter wp-image-43962\" src=\"https:\/\/i1.wp.com\/ifolharegional.com.br\/wp-content\/uploads\/2021\/09\/WhatsApp-Image-2021-09-01-at-17.57.01.jpeg?resize=547%2C410&amp;ssl=1\" sizes=\"auto, (max-width: 547px) 100vw, 547px\" srcset=\"https:\/\/i1.wp.com\/ifolharegional.com.br\/wp-content\/uploads\/2021\/09\/WhatsApp-Image-2021-09-01-at-17.57.01.jpeg?resize=1024%2C768&amp;ssl=1 1024w, https:\/\/i1.wp.com\/ifolharegional.com.br\/wp-content\/uploads\/2021\/09\/WhatsApp-Image-2021-09-01-at-17.57.01.jpeg?resize=300%2C225&amp;ssl=1 300w, https:\/\/i1.wp.com\/ifolharegional.com.br\/wp-content\/uploads\/2021\/09\/WhatsApp-Image-2021-09-01-at-17.57.01.jpeg?resize=768%2C576&amp;ssl=1 768w, https:\/\/i1.wp.com\/ifolharegional.com.br\/wp-content\/uploads\/2021\/09\/WhatsApp-Image-2021-09-01-at-17.57.01.jpeg?resize=1536%2C1152&amp;ssl=1 1536w, https:\/\/i1.wp.com\/ifolharegional.com.br\/wp-content\/uploads\/2021\/09\/WhatsApp-Image-2021-09-01-at-17.57.01.jpeg?w=1600&amp;ssl=1 1600w, https:\/\/i1.wp.com\/ifolharegional.com.br\/wp-content\/uploads\/2021\/09\/WhatsApp-Image-2021-09-01-at-17.57.01.jpeg?w=1480&amp;ssl=1 1480w\" alt=\"\" width=\"547\" height=\"410\" data-attachment-id=\"43962\" data-permalink=\"https:\/\/ifolharegional.com.br\/2021\/09\/01\/motociclista-fica-ferido-em-acidente-na-sp-294-3\/whatsapp-image-2021-09-01-at-17-57-01\/\" data-orig-file=\"https:\/\/i1.wp.com\/ifolharegional.com.br\/wp-content\/uploads\/2021\/09\/WhatsApp-Image-2021-09-01-at-17.57.01.jpeg?fit=1600%2C1200&amp;ssl=1\" data-orig-size=\"1600,1200\" data-comments-opened=\"0\" data-image-meta=\"{&quot;aperture&quot;:&quot;0&quot;,&quot;credit&quot;:&quot;&quot;,&quot;camera&quot;:&quot;&quot;,&quot;caption&quot;:&quot;&quot;,&quot;created_timestamp&quot;:&quot;0&quot;,&quot;copyright&quot;:&quot;&quot;,&quot;focal_length&quot;:&quot;0&quot;,&quot;iso&quot;:&quot;0&quot;,&quot;shutter_speed&quot;:&quot;0&quot;,&quot;title&quot;:&quot;&quot;,&quot;orientation&quot;:&quot;0&quot;}\" data-image-title=\"WhatsApp Image 2021-09-01 at 17.57.01\" data-image-description=\"\" data-image-caption=\"\" data-medium-file=\"https:\/\/i1.wp.com\/ifolharegional.com.br\/wp-content\/uploads\/2021\/09\/WhatsApp-Image-2021-09-01-at-17.57.01.jpeg?fit=300%2C225&amp;ssl=1\" data-large-file=\"https:\/\/i1.wp.com\/ifolharegional.com.br\/wp-content\/uploads\/2021\/09\/WhatsApp-Image-2021-09-01-at-17.57.01.jpeg?fit=740%2C555&amp;ssl=1\" data-recalc-dims=\"1\" \/><\/a><\/p>\n<p style=\"text-align: justify;\">A Pol\u00edcia Militar de Hercul\u00e2ndia esteve no local para auxiliar na sinaliza\u00e7\u00e3o, e na sequ\u00eancia a Pol\u00edcia Militar Rodovi\u00e1ria esteve no local para registro do boletim de ocorr\u00eancia. Equipes da Eixo auxiliaram na sinaliza\u00e7\u00e3o.<\/p>\n<p style=\"text-align: justify;\">Fonte: Mais Tup\u00e3<\/p>\n","protected":false},"excerpt":{"rendered":"<p>Na manh\u00e3 desta quarta-feira o condutor de uma motocicleta trafegava pela Rodovia Comandante Jo\u00e3o Ribeiro de Barros no sentido de Tup\u00e3 para Hercul\u00e2ndia, quando nas imedia\u00e7\u00f5es da AABB acabou sendo atingido lateralmente por um ve\u00edculo EcoSport que trafegava no mesmo sentido e dire\u00e7\u00e3o. O motociclista foi projetado ao solo sofrendo diversas escoria\u00e7\u00f5es, e foi socorrido [&hellip;]<\/p>\n","protected":false},"author":1,"featured_media":53246,"comment_status":"closed","ping_status":"open","sticky":false,"template":"","format":"standard","meta":{"footnotes":""},"categories":[170,110],"tags":[],"class_list":["post-53245","post","type-post","status-publish","format-standard","has-post-thumbnail","hentry","category-acidentes","category-noticiasdestaque"],"_links":{"self":[{"href":"https:\/\/jorgezanoni.com.br\/2019\/wp-json\/wp\/v2\/posts\/53245","targetHints":{"allow":["GET"]}}],"collection":[{"href":"https:\/\/jorgezanoni.com.br\/2019\/wp-json\/wp\/v2\/posts"}],"about":[{"href":"https:\/\/jorgezanoni.com.br\/2019\/wp-json\/wp\/v2\/types\/post"}],"author":[{"embeddable":true,"href":"https:\/\/jorgezanoni.com.br\/2019\/wp-json\/wp\/v2\/users\/1"}],"replies":[{"embeddable":true,"href":"https:\/\/jorgezanoni.com.br\/2019\/wp-json\/wp\/v2\/comments?post=53245"}],"version-history":[{"count":0,"href":"https:\/\/jorgezanoni.com.br\/2019\/wp-json\/wp\/v2\/posts\/53245\/revisions"}],"wp:featuredmedia":[{"embeddable":true,"href":"https:\/\/jorgezanoni.com.br\/2019\/wp-json\/wp\/v2\/media\/53246"}],"wp:attachment":[{"href":"https:\/\/jorgezanoni.com.br\/2019\/wp-json\/wp\/v2\/media?parent=53245"}],"wp:term":[{"taxonomy":"category","embeddable":true,"href":"https:\/\/jorgezanoni.com.br\/2019\/wp-json\/wp\/v2\/categories?post=53245"},{"taxonomy":"post_tag","embeddable":true,"href":"https:\/\/jorgezanoni.com.br\/2019\/wp-json\/wp\/v2\/tags?post=53245"}],"curies":[{"name":"wp","href":"https:\/\/api.w.org\/{rel}","templated":true}]}}