{"id":53226,"date":"2021-09-02T00:50:25","date_gmt":"2021-09-02T00:50:25","guid":{"rendered":"https:\/\/jorgezanoni.com.br\/2019\/?p=53226"},"modified":"2021-09-02T00:50:25","modified_gmt":"2021-09-02T00:50:25","slug":"comerciantes-solicitam-bracos-de-energia-em-marginal-a-beira-da-sp-294","status":"publish","type":"post","link":"https:\/\/jorgezanoni.com.br\/2019\/comerciantes-solicitam-bracos-de-energia-em-marginal-a-beira-da-sp-294\/","title":{"rendered":"Comerciantes solicitam bra\u00e7os de energia em marginal \u00e0 beira da SP-294"},"content":{"rendered":"<p style=\"text-align: justify;\">Moradores da Avenida Municipal que passa em toda lateral do Parque Dracena, est\u00e3o solicitando junto a municipalidade, a coloca\u00e7\u00e3o de bra\u00e7os em l\u00e2mpadas em quatro (4) postes de energia.<\/p>\n<p style=\"text-align: justify;\">O local solicitado \u00e9 sequ\u00eancia da avenida que em breve vai demandar o Residencial Aroeiras e Distrito Comercial, mais precisamente em frente ao antigo barrac\u00e3o da empresa Joj\u00f4, lado direito sentido S\u00e3o Paulo da SP-294.<\/p>\n<p style=\"text-align: justify;\">Al\u00e9m do tr\u00e2nsito de muitos caminh\u00f5es e carretas, tamb\u00e9m leva ao novo loteamento que na sequ\u00eancia da Avenida j\u00e1 tem ilumina\u00e7\u00e3o, faltando apenas uma quadra para ficar totalmente iluminado.<\/p>\n<p style=\"text-align: justify;\">Com essa solicita\u00e7\u00e3o os comerciantes estar\u00e3o mais seguros, al\u00e9m de embelezar a entrada da cidade.<\/p>\n<p><img loading=\"lazy\" decoding=\"async\" class=\"alignnone size-full wp-image-53228\" src=\"https:\/\/jorgezanoni.com.br\/2019\/wp-content\/uploads\/2021\/09\/muni1.jpg\" alt=\"\" width=\"1280\" height=\"720\" srcset=\"https:\/\/jorgezanoni.com.br\/2019\/wp-content\/uploads\/2021\/09\/muni1.jpg 1280w, https:\/\/jorgezanoni.com.br\/2019\/wp-content\/uploads\/2021\/09\/muni1-300x169.jpg 300w, https:\/\/jorgezanoni.com.br\/2019\/wp-content\/uploads\/2021\/09\/muni1-1024x576.jpg 1024w, https:\/\/jorgezanoni.com.br\/2019\/wp-content\/uploads\/2021\/09\/muni1-768x432.jpg 768w, https:\/\/jorgezanoni.com.br\/2019\/wp-content\/uploads\/2021\/09\/muni1-696x392.jpg 696w, https:\/\/jorgezanoni.com.br\/2019\/wp-content\/uploads\/2021\/09\/muni1-1068x601.jpg 1068w, https:\/\/jorgezanoni.com.br\/2019\/wp-content\/uploads\/2021\/09\/muni1-747x420.jpg 747w\" sizes=\"auto, (max-width: 1280px) 100vw, 1280px\" \/> <img loading=\"lazy\" decoding=\"async\" class=\"alignnone size-full wp-image-53229\" src=\"https:\/\/jorgezanoni.com.br\/2019\/wp-content\/uploads\/2021\/09\/muni2.jpg\" alt=\"\" width=\"1280\" height=\"720\" srcset=\"https:\/\/jorgezanoni.com.br\/2019\/wp-content\/uploads\/2021\/09\/muni2.jpg 1280w, https:\/\/jorgezanoni.com.br\/2019\/wp-content\/uploads\/2021\/09\/muni2-300x169.jpg 300w, https:\/\/jorgezanoni.com.br\/2019\/wp-content\/uploads\/2021\/09\/muni2-1024x576.jpg 1024w, https:\/\/jorgezanoni.com.br\/2019\/wp-content\/uploads\/2021\/09\/muni2-768x432.jpg 768w, https:\/\/jorgezanoni.com.br\/2019\/wp-content\/uploads\/2021\/09\/muni2-696x392.jpg 696w, https:\/\/jorgezanoni.com.br\/2019\/wp-content\/uploads\/2021\/09\/muni2-1068x601.jpg 1068w, https:\/\/jorgezanoni.com.br\/2019\/wp-content\/uploads\/2021\/09\/muni2-747x420.jpg 747w\" sizes=\"auto, (max-width: 1280px) 100vw, 1280px\" \/><\/p>\n<p style=\"text-align: justify;\">Jorge Zanoni<\/p>\n<p style=\"text-align: justify;\">Fotos de Internauta<\/p>\n","protected":false},"excerpt":{"rendered":"<p>Moradores da Avenida Municipal que passa em toda lateral do Parque Dracena, est\u00e3o solicitando junto a municipalidade, a coloca\u00e7\u00e3o de bra\u00e7os em l\u00e2mpadas em quatro (4) postes de energia. O local solicitado \u00e9 sequ\u00eancia da avenida que em breve vai demandar o Residencial Aroeiras e Distrito Comercial, mais precisamente em frente ao antigo barrac\u00e3o da [&hellip;]<\/p>\n","protected":false},"author":1,"featured_media":53227,"comment_status":"closed","ping_status":"open","sticky":false,"template":"","format":"standard","meta":{"footnotes":""},"categories":[179,184,110],"tags":[],"class_list":["post-53226","post","type-post","status-publish","format-standard","has-post-thumbnail","hentry","category-cidadeseregiao","category-dracena","category-noticiasdestaque"],"_links":{"self":[{"href":"https:\/\/jorgezanoni.com.br\/2019\/wp-json\/wp\/v2\/posts\/53226","targetHints":{"allow":["GET"]}}],"collection":[{"href":"https:\/\/jorgezanoni.com.br\/2019\/wp-json\/wp\/v2\/posts"}],"about":[{"href":"https:\/\/jorgezanoni.com.br\/2019\/wp-json\/wp\/v2\/types\/post"}],"author":[{"embeddable":true,"href":"https:\/\/jorgezanoni.com.br\/2019\/wp-json\/wp\/v2\/users\/1"}],"replies":[{"embeddable":true,"href":"https:\/\/jorgezanoni.com.br\/2019\/wp-json\/wp\/v2\/comments?post=53226"}],"version-history":[{"count":0,"href":"https:\/\/jorgezanoni.com.br\/2019\/wp-json\/wp\/v2\/posts\/53226\/revisions"}],"wp:featuredmedia":[{"embeddable":true,"href":"https:\/\/jorgezanoni.com.br\/2019\/wp-json\/wp\/v2\/media\/53227"}],"wp:attachment":[{"href":"https:\/\/jorgezanoni.com.br\/2019\/wp-json\/wp\/v2\/media?parent=53226"}],"wp:term":[{"taxonomy":"category","embeddable":true,"href":"https:\/\/jorgezanoni.com.br\/2019\/wp-json\/wp\/v2\/categories?post=53226"},{"taxonomy":"post_tag","embeddable":true,"href":"https:\/\/jorgezanoni.com.br\/2019\/wp-json\/wp\/v2\/tags?post=53226"}],"curies":[{"name":"wp","href":"https:\/\/api.w.org\/{rel}","templated":true}]}}