{"id":53223,"date":"2021-09-02T00:31:11","date_gmt":"2021-09-02T00:31:11","guid":{"rendered":"https:\/\/jorgezanoni.com.br\/2019\/?p=53223"},"modified":"2021-09-02T00:31:11","modified_gmt":"2021-09-02T00:31:11","slug":"emdaep-atua-para-normalizar-abastecimento-no-bairro-sao-francisco","status":"publish","type":"post","link":"https:\/\/jorgezanoni.com.br\/2019\/emdaep-atua-para-normalizar-abastecimento-no-bairro-sao-francisco\/","title":{"rendered":"EMDAEP atua para normalizar abastecimento no Bairro S\u00e3o Francisco"},"content":{"rendered":"<p style=\"text-align: justify;\">Nesta quarta-feira, a equipe da EMDAEP trabalha para resolver problema de vazamento num dos reservat\u00f3rios do Bairro S\u00e3o Francisco. H\u00e1 registro de falta de \u00e1gua naquele setor, compreendendo tamb\u00e9m bairros pr\u00f3ximos na regi\u00e3o do Jardim Brasil\u00e2ndia.<br \/>\nO abastecimento deve ser normalizado nas pr\u00f3ximas horas.<br \/>\nDesde o final de semana est\u00e3o sendo realizados servi\u00e7os de reforma e pintura do reservat\u00f3rio met\u00e1lico do Bairro S\u00e3o Francisco, com a falta de \u00e1gua em alguns im\u00f3veis.<br \/>\nA EMDAEP orienta a popula\u00e7\u00e3o a economizar \u00e1gua em todos os per\u00edodos. Tamb\u00e9m \u00e9 importante cada im\u00f3vel contar com sua pr\u00f3pria caixa evitando desabastecimento por causa de servi\u00e7os na rede p\u00fablica.<\/p>\n<p style=\"text-align: justify;\">Ass. de Rela\u00e7\u00f5es P\u00fablicas da EMDAEP<\/p>\n","protected":false},"excerpt":{"rendered":"<p>Nesta quarta-feira, a equipe da EMDAEP trabalha para resolver problema de vazamento num dos reservat\u00f3rios do Bairro S\u00e3o Francisco. H\u00e1 registro de falta de \u00e1gua naquele setor, compreendendo tamb\u00e9m bairros pr\u00f3ximos na regi\u00e3o do Jardim Brasil\u00e2ndia. O abastecimento deve ser normalizado nas pr\u00f3ximas horas. Desde o final de semana est\u00e3o sendo realizados servi\u00e7os de reforma [&hellip;]<\/p>\n","protected":false},"author":1,"featured_media":53224,"comment_status":"closed","ping_status":"open","sticky":false,"template":"","format":"standard","meta":{"footnotes":""},"categories":[179,184,110],"tags":[],"class_list":["post-53223","post","type-post","status-publish","format-standard","has-post-thumbnail","hentry","category-cidadeseregiao","category-dracena","category-noticiasdestaque"],"_links":{"self":[{"href":"https:\/\/jorgezanoni.com.br\/2019\/wp-json\/wp\/v2\/posts\/53223","targetHints":{"allow":["GET"]}}],"collection":[{"href":"https:\/\/jorgezanoni.com.br\/2019\/wp-json\/wp\/v2\/posts"}],"about":[{"href":"https:\/\/jorgezanoni.com.br\/2019\/wp-json\/wp\/v2\/types\/post"}],"author":[{"embeddable":true,"href":"https:\/\/jorgezanoni.com.br\/2019\/wp-json\/wp\/v2\/users\/1"}],"replies":[{"embeddable":true,"href":"https:\/\/jorgezanoni.com.br\/2019\/wp-json\/wp\/v2\/comments?post=53223"}],"version-history":[{"count":0,"href":"https:\/\/jorgezanoni.com.br\/2019\/wp-json\/wp\/v2\/posts\/53223\/revisions"}],"wp:featuredmedia":[{"embeddable":true,"href":"https:\/\/jorgezanoni.com.br\/2019\/wp-json\/wp\/v2\/media\/53224"}],"wp:attachment":[{"href":"https:\/\/jorgezanoni.com.br\/2019\/wp-json\/wp\/v2\/media?parent=53223"}],"wp:term":[{"taxonomy":"category","embeddable":true,"href":"https:\/\/jorgezanoni.com.br\/2019\/wp-json\/wp\/v2\/categories?post=53223"},{"taxonomy":"post_tag","embeddable":true,"href":"https:\/\/jorgezanoni.com.br\/2019\/wp-json\/wp\/v2\/tags?post=53223"}],"curies":[{"name":"wp","href":"https:\/\/api.w.org\/{rel}","templated":true}]}}