{"id":53216,"date":"2021-09-01T17:38:41","date_gmt":"2021-09-01T17:38:41","guid":{"rendered":"https:\/\/jorgezanoni.com.br\/2019\/?p=53216"},"modified":"2021-09-01T17:38:41","modified_gmt":"2021-09-01T17:38:41","slug":"veiculo-bate-na-traseira-de-triciclo-em-esquina-no-centro-de-dracena","status":"publish","type":"post","link":"https:\/\/jorgezanoni.com.br\/2019\/veiculo-bate-na-traseira-de-triciclo-em-esquina-no-centro-de-dracena\/","title":{"rendered":"Ve\u00edculo bate na traseira de Triciclo em esquina no centro de Dracena"},"content":{"rendered":"<p style=\"text-align: justify;\"><strong>Condutora do Tric\u00edclo teria parado para pedestres passarem na faixa.<\/strong><\/p>\n<p style=\"text-align: justify;\">Por vonta de 10:00 Horas desta quarta-feira (1\u00ba), foi registrado um acidente de tr\u00e2nsito na esquina das Avenidas Presidente Rooseelt com a Jos\u00e9 Bonif\u00e1cio.<\/p>\n<p style=\"text-align: justify;\">Segundo informa\u00e7\u00f5es obtidas pela reportagem do Site JZ, um tric\u00edclo e um ve\u00edculo desciam a Avenida Jos\u00e9 Bonif\u00e1cio sentido \u00fanico centro-bairro, quando o tric\u00edclo que era conduzido por uma mulher, parou para pedestres atravessarem a faixa, foi colidido na traseira pelo ve\u00edculo.<\/p>\n<p style=\"text-align: justify;\">A condutora com dores na cabe\u00e7a e clav\u00edcula, foi socorrida por uma Unidade de Resgate do Corpo de Bombeiros, para o Pronto Atendimento Municipal. O condutor do ve\u00edculo n\u00e3o se feriu.<\/p>\n<p style=\"text-align: justify;\">As Pol\u00edcias Militar e T\u00e9cnica compareceram ao local para registro e apura\u00e7\u00e3o dos fatos.<\/p>\n<p><img loading=\"lazy\" decoding=\"async\" class=\"alignnone size-full wp-image-53218\" src=\"https:\/\/jorgezanoni.com.br\/2019\/wp-content\/uploads\/2021\/09\/tri1.jpg\" alt=\"\" width=\"1040\" height=\"780\" srcset=\"https:\/\/jorgezanoni.com.br\/2019\/wp-content\/uploads\/2021\/09\/tri1.jpg 1040w, https:\/\/jorgezanoni.com.br\/2019\/wp-content\/uploads\/2021\/09\/tri1-300x225.jpg 300w, https:\/\/jorgezanoni.com.br\/2019\/wp-content\/uploads\/2021\/09\/tri1-1024x768.jpg 1024w, https:\/\/jorgezanoni.com.br\/2019\/wp-content\/uploads\/2021\/09\/tri1-768x576.jpg 768w, https:\/\/jorgezanoni.com.br\/2019\/wp-content\/uploads\/2021\/09\/tri1-80x60.jpg 80w, https:\/\/jorgezanoni.com.br\/2019\/wp-content\/uploads\/2021\/09\/tri1-265x198.jpg 265w, https:\/\/jorgezanoni.com.br\/2019\/wp-content\/uploads\/2021\/09\/tri1-696x522.jpg 696w, https:\/\/jorgezanoni.com.br\/2019\/wp-content\/uploads\/2021\/09\/tri1-560x420.jpg 560w\" sizes=\"auto, (max-width: 1040px) 100vw, 1040px\" \/><\/p>\n<p style=\"text-align: justify;\">Jorge Zanoni<\/p>\n<p>&nbsp;<\/p>\n","protected":false},"excerpt":{"rendered":"<p>Condutora do Tric\u00edclo teria parado para pedestres passarem na faixa. Por vonta de 10:00 Horas desta quarta-feira (1\u00ba), foi registrado um acidente de tr\u00e2nsito na esquina das Avenidas Presidente Rooseelt com a Jos\u00e9 Bonif\u00e1cio. Segundo informa\u00e7\u00f5es obtidas pela reportagem do Site JZ, um tric\u00edclo e um ve\u00edculo desciam a Avenida Jos\u00e9 Bonif\u00e1cio sentido \u00fanico centro-bairro, [&hellip;]<\/p>\n","protected":false},"author":1,"featured_media":53217,"comment_status":"closed","ping_status":"open","sticky":false,"template":"","format":"standard","meta":{"footnotes":""},"categories":[170,110],"tags":[],"class_list":["post-53216","post","type-post","status-publish","format-standard","has-post-thumbnail","hentry","category-acidentes","category-noticiasdestaque"],"_links":{"self":[{"href":"https:\/\/jorgezanoni.com.br\/2019\/wp-json\/wp\/v2\/posts\/53216","targetHints":{"allow":["GET"]}}],"collection":[{"href":"https:\/\/jorgezanoni.com.br\/2019\/wp-json\/wp\/v2\/posts"}],"about":[{"href":"https:\/\/jorgezanoni.com.br\/2019\/wp-json\/wp\/v2\/types\/post"}],"author":[{"embeddable":true,"href":"https:\/\/jorgezanoni.com.br\/2019\/wp-json\/wp\/v2\/users\/1"}],"replies":[{"embeddable":true,"href":"https:\/\/jorgezanoni.com.br\/2019\/wp-json\/wp\/v2\/comments?post=53216"}],"version-history":[{"count":0,"href":"https:\/\/jorgezanoni.com.br\/2019\/wp-json\/wp\/v2\/posts\/53216\/revisions"}],"wp:featuredmedia":[{"embeddable":true,"href":"https:\/\/jorgezanoni.com.br\/2019\/wp-json\/wp\/v2\/media\/53217"}],"wp:attachment":[{"href":"https:\/\/jorgezanoni.com.br\/2019\/wp-json\/wp\/v2\/media?parent=53216"}],"wp:term":[{"taxonomy":"category","embeddable":true,"href":"https:\/\/jorgezanoni.com.br\/2019\/wp-json\/wp\/v2\/categories?post=53216"},{"taxonomy":"post_tag","embeddable":true,"href":"https:\/\/jorgezanoni.com.br\/2019\/wp-json\/wp\/v2\/tags?post=53216"}],"curies":[{"name":"wp","href":"https:\/\/api.w.org\/{rel}","templated":true}]}}