{"id":53206,"date":"2021-09-01T15:22:13","date_gmt":"2021-09-01T15:22:13","guid":{"rendered":"https:\/\/jorgezanoni.com.br\/2019\/?p=53206"},"modified":"2021-09-01T15:22:13","modified_gmt":"2021-09-01T15:22:13","slug":"finalizada-reforma-do-reservatorio-do-jardim-vera-cruz","status":"publish","type":"post","link":"https:\/\/jorgezanoni.com.br\/2019\/finalizada-reforma-do-reservatorio-do-jardim-vera-cruz\/","title":{"rendered":"Finalizada reforma do reservat\u00f3rio do Jardim Vera Cruz"},"content":{"rendered":"<p style=\"text-align: justify;\"><strong>Reservat\u00f3rios ser\u00e3o interligados nos pr\u00f3ximos dias.<\/strong><\/p>\n<p style=\"text-align: justify;\">O antigo reservat\u00f3rio da Rua Spinardi, no Jardim Vera Cruz, passou por reforma e pintura. O pr\u00f3ximo passo ser\u00e1 a interliga\u00e7\u00e3o com a outra unidade existente no local. No total os reservat\u00f3rios comportam 260 mil litros de \u00e1gua.<\/p>\n<p style=\"text-align: justify;\"><img loading=\"lazy\" decoding=\"async\" class=\"alignnone size-full wp-image-53208\" src=\"https:\/\/jorgezanoni.com.br\/2019\/wp-content\/uploads\/2021\/09\/vera1.jpg\" alt=\"\" width=\"161\" height=\"240\" \/><\/p>\n<p>Ass.\u00a0Rela\u00e7\u00f5es\u00a0P\u00fablicas\u00a0da\u00a0EMDAEP<\/p>\n","protected":false},"excerpt":{"rendered":"<p>Reservat\u00f3rios ser\u00e3o interligados nos pr\u00f3ximos dias. O antigo reservat\u00f3rio da Rua Spinardi, no Jardim Vera Cruz, passou por reforma e pintura. O pr\u00f3ximo passo ser\u00e1 a interliga\u00e7\u00e3o com a outra unidade existente no local. No total os reservat\u00f3rios comportam 260 mil litros de \u00e1gua. Ass.\u00a0Rela\u00e7\u00f5es\u00a0P\u00fablicas\u00a0da\u00a0EMDAEP<\/p>\n","protected":false},"author":1,"featured_media":53207,"comment_status":"closed","ping_status":"open","sticky":false,"template":"","format":"standard","meta":{"footnotes":""},"categories":[179,184,110],"tags":[],"class_list":["post-53206","post","type-post","status-publish","format-standard","has-post-thumbnail","hentry","category-cidadeseregiao","category-dracena","category-noticiasdestaque"],"_links":{"self":[{"href":"https:\/\/jorgezanoni.com.br\/2019\/wp-json\/wp\/v2\/posts\/53206","targetHints":{"allow":["GET"]}}],"collection":[{"href":"https:\/\/jorgezanoni.com.br\/2019\/wp-json\/wp\/v2\/posts"}],"about":[{"href":"https:\/\/jorgezanoni.com.br\/2019\/wp-json\/wp\/v2\/types\/post"}],"author":[{"embeddable":true,"href":"https:\/\/jorgezanoni.com.br\/2019\/wp-json\/wp\/v2\/users\/1"}],"replies":[{"embeddable":true,"href":"https:\/\/jorgezanoni.com.br\/2019\/wp-json\/wp\/v2\/comments?post=53206"}],"version-history":[{"count":0,"href":"https:\/\/jorgezanoni.com.br\/2019\/wp-json\/wp\/v2\/posts\/53206\/revisions"}],"wp:featuredmedia":[{"embeddable":true,"href":"https:\/\/jorgezanoni.com.br\/2019\/wp-json\/wp\/v2\/media\/53207"}],"wp:attachment":[{"href":"https:\/\/jorgezanoni.com.br\/2019\/wp-json\/wp\/v2\/media?parent=53206"}],"wp:term":[{"taxonomy":"category","embeddable":true,"href":"https:\/\/jorgezanoni.com.br\/2019\/wp-json\/wp\/v2\/categories?post=53206"},{"taxonomy":"post_tag","embeddable":true,"href":"https:\/\/jorgezanoni.com.br\/2019\/wp-json\/wp\/v2\/tags?post=53206"}],"curies":[{"name":"wp","href":"https:\/\/api.w.org\/{rel}","templated":true}]}}