{"id":53171,"date":"2021-08-31T23:11:56","date_gmt":"2021-08-31T23:11:56","guid":{"rendered":"https:\/\/jorgezanoni.com.br\/2019\/?p=53171"},"modified":"2021-08-31T23:11:56","modified_gmt":"2021-08-31T23:11:56","slug":"setembro-verde-mes-oficial-da-inclusao-da-pessoa-com-deficiencia","status":"publish","type":"post","link":"https:\/\/jorgezanoni.com.br\/2019\/setembro-verde-mes-oficial-da-inclusao-da-pessoa-com-deficiencia\/","title":{"rendered":"SETEMBRO VERDE: M\u00eas oficial da inclus\u00e3o da Pessoa com Defici\u00eancia"},"content":{"rendered":"<p style=\"text-align: justify;\"><strong>O m\u00eas de setembro \u00e9 marcado pela Campanha Setembro Verde que refor\u00e7a a import\u00e2ncia da acessibilidade e inclus\u00e3o da pessoa com defici\u00eancia.<\/strong><\/p>\n<p style=\"text-align: justify;\">Essa campanha teve in\u00edcio em 2015 e foi institu\u00edda pela Federa\u00e7\u00e3o das APAEs do Estado de S\u00e3o Paulo \u2013 FEAPAES-SP em parceria com APAE de Valinhos-SP, e seu principal objetivo \u00e9 tornar o m\u00eas de setembro refer\u00eancia na luta dos direitos da pessoa com defici\u00eancia, esse m\u00eas foi escolhido justamente por ser comemorado no dia 21 de setembro o Dia Nacional da Pessoa com Defici\u00eancia.<\/p>\n<p style=\"text-align: justify;\">A APAE de Dracena sempre teve como miss\u00e3o promover e articular a\u00e7\u00f5es de defesa e garantia de direitos, presta\u00e7\u00e3o de servi\u00e7os e apoio as fam\u00edlias para a melhoria da qualidade de vida da pessoa com defici\u00eancia intelectual, m\u00faltipla e transtorno do espectro autista (TEA). Para que esses objetivos sejam atingidos a nossa entidade trabalha de forma articulada as diversas pol\u00edticas p\u00fablicas nas \u00e1reas da assist\u00eancia social, educa\u00e7\u00e3o e sa\u00fade.<\/p>\n<p style=\"text-align: justify;\">A inclus\u00e3o social e a acessibilidade da Pessoa com Defici\u00eancia s\u00e3o um direito garantido por lei, de acordo como o Estatuto da Pessoa com Defici\u00eancia, cujo principal objetivo \u00e9 assegurar e promover, em condi\u00e7\u00f5es de igualdade, o exerc\u00edcio dos direitos e das liberdades fundamentais das pessoas com defici\u00eancia, visando a sua inclus\u00e3o social e cidadania, todo indiv\u00edduo que possui alguma defici\u00eancia tem direito \u00e0 igualdade de oportunidades.<\/p>\n<p style=\"text-align: justify;\">A APAE de Dracena atua diretamente com as fam\u00edlias dos nossos alunos\/destinat\u00e1rios na efetiva\u00e7\u00e3o dos direitos, na perspectiva s\u00f3cio-pol\u00edtica, democr\u00e1tica e social, na garantia da efetiva\u00e7\u00e3o das pol\u00edticas p\u00fablicas, inclus\u00e3o social e acessibilidade. Atendendo aproximadamente 210 destinat\u00e1rios\/alunos. Tem como presidente o senhor Paulo Roberto Sampaio Filho.<\/p>\n<p style=\"text-align: justify;\">O Setembro Verde vem para quebrar barreiras e mostrar para a sociedade o quanto avan\u00e7amos, mas o quanto temos a avan\u00e7ar, que essa causa tamb\u00e9m \u00e9 de todos n\u00f3s, pois as pessoas com defici\u00eancia precisam ser respeitadas e inclu\u00eddas na sociedade.<\/p>\n<p style=\"text-align: justify;\">A Associa\u00e7\u00e3o de Pais e Amigos dos Excepcionais de Dracena \u2013 Escola de Educa\u00e7\u00e3o Especial \u201cProfessor Leuzi Gardini\u201d, junto com os seus parceiros, colaboradores, comunidade e fam\u00edlias, v\u00eam construindo uma hist\u00f3ria de igualdade e de oportunidades para todos. A Apae participar\u00e1 do m\u00eas acompanhando o calend\u00e1rio da federa\u00e7\u00e3o das Apaes do Estado de S\u00e3o Paulo (FEAPAES) e divulga\u00e7\u00f5es dos trabalhos desenvolvidos com os destinat\u00e1rios inclu\u00eddos no mercado de trabalho, atualmente s\u00e3o 13 destinat\u00e1rios e temos como parceiros 5 grandes empresas do munic\u00edpio de Dracena e Junqueir\u00f3polis: Medral Engenharia Ltda, Usina Glencane Bio Energia S\/A, Rede de Supermercados Troyano, Supermercado Ikeda e Rede Gonzaga de Ensino Superior. Na \u00faltima semana de encerramento promoveremos uma carreata em alus\u00e3o a data.<\/p>\n<p style=\"text-align: justify;\"><img loading=\"lazy\" decoding=\"async\" class=\"alignnone size-full wp-image-53172\" src=\"https:\/\/jorgezanoni.com.br\/2019\/wp-content\/uploads\/2021\/08\/Danilo.jpg\" alt=\"\" width=\"1280\" height=\"720\" srcset=\"https:\/\/jorgezanoni.com.br\/2019\/wp-content\/uploads\/2021\/08\/Danilo.jpg 1280w, https:\/\/jorgezanoni.com.br\/2019\/wp-content\/uploads\/2021\/08\/Danilo-300x169.jpg 300w, https:\/\/jorgezanoni.com.br\/2019\/wp-content\/uploads\/2021\/08\/Danilo-1024x576.jpg 1024w, https:\/\/jorgezanoni.com.br\/2019\/wp-content\/uploads\/2021\/08\/Danilo-768x432.jpg 768w, https:\/\/jorgezanoni.com.br\/2019\/wp-content\/uploads\/2021\/08\/Danilo-696x392.jpg 696w, https:\/\/jorgezanoni.com.br\/2019\/wp-content\/uploads\/2021\/08\/Danilo-1068x601.jpg 1068w, https:\/\/jorgezanoni.com.br\/2019\/wp-content\/uploads\/2021\/08\/Danilo-747x420.jpg 747w\" sizes=\"auto, (max-width: 1280px) 100vw, 1280px\" \/>Danilo Aparecido Souza Nogueira 37 anos, funcion\u00e1rio Supermercado Ikeda<\/p>\n<p style=\"text-align: justify;\"><img loading=\"lazy\" decoding=\"async\" class=\"alignnone size-full wp-image-53173\" src=\"https:\/\/jorgezanoni.com.br\/2019\/wp-content\/uploads\/2021\/08\/Douglas.jpg\" alt=\"\" width=\"1280\" height=\"720\" srcset=\"https:\/\/jorgezanoni.com.br\/2019\/wp-content\/uploads\/2021\/08\/Douglas.jpg 1280w, https:\/\/jorgezanoni.com.br\/2019\/wp-content\/uploads\/2021\/08\/Douglas-300x169.jpg 300w, https:\/\/jorgezanoni.com.br\/2019\/wp-content\/uploads\/2021\/08\/Douglas-1024x576.jpg 1024w, https:\/\/jorgezanoni.com.br\/2019\/wp-content\/uploads\/2021\/08\/Douglas-768x432.jpg 768w, https:\/\/jorgezanoni.com.br\/2019\/wp-content\/uploads\/2021\/08\/Douglas-696x392.jpg 696w, https:\/\/jorgezanoni.com.br\/2019\/wp-content\/uploads\/2021\/08\/Douglas-1068x601.jpg 1068w, https:\/\/jorgezanoni.com.br\/2019\/wp-content\/uploads\/2021\/08\/Douglas-747x420.jpg 747w\" sizes=\"auto, (max-width: 1280px) 100vw, 1280px\" \/>Douglas de Moura Silva 24 anos, funcion\u00e1rio Rede Troyano S\u00e3o Francisco (Dracena)<\/p>\n<p style=\"text-align: justify;\"><img loading=\"lazy\" decoding=\"async\" class=\"alignnone size-full wp-image-53174\" src=\"https:\/\/jorgezanoni.com.br\/2019\/wp-content\/uploads\/2021\/08\/Joao-Vitor.jpg\" alt=\"\" width=\"551\" height=\"490\" srcset=\"https:\/\/jorgezanoni.com.br\/2019\/wp-content\/uploads\/2021\/08\/Joao-Vitor.jpg 551w, https:\/\/jorgezanoni.com.br\/2019\/wp-content\/uploads\/2021\/08\/Joao-Vitor-300x267.jpg 300w, https:\/\/jorgezanoni.com.br\/2019\/wp-content\/uploads\/2021\/08\/Joao-Vitor-472x420.jpg 472w\" sizes=\"auto, (max-width: 551px) 100vw, 551px\" \/>Jo\u00e3o Victor Vieira de Oliveira 26 anos, funcion\u00e1rio da Rede Gonzaga de Ensino Superior<\/p>\n<p style=\"text-align: justify;\"><img loading=\"lazy\" decoding=\"async\" class=\"alignnone size-full wp-image-53175\" src=\"https:\/\/jorgezanoni.com.br\/2019\/wp-content\/uploads\/2021\/08\/Luseli.jpg\" alt=\"\" width=\"1280\" height=\"720\" srcset=\"https:\/\/jorgezanoni.com.br\/2019\/wp-content\/uploads\/2021\/08\/Luseli.jpg 1280w, https:\/\/jorgezanoni.com.br\/2019\/wp-content\/uploads\/2021\/08\/Luseli-300x169.jpg 300w, https:\/\/jorgezanoni.com.br\/2019\/wp-content\/uploads\/2021\/08\/Luseli-1024x576.jpg 1024w, https:\/\/jorgezanoni.com.br\/2019\/wp-content\/uploads\/2021\/08\/Luseli-768x432.jpg 768w, https:\/\/jorgezanoni.com.br\/2019\/wp-content\/uploads\/2021\/08\/Luseli-696x392.jpg 696w, https:\/\/jorgezanoni.com.br\/2019\/wp-content\/uploads\/2021\/08\/Luseli-1068x601.jpg 1068w, https:\/\/jorgezanoni.com.br\/2019\/wp-content\/uploads\/2021\/08\/Luseli-747x420.jpg 747w\" sizes=\"auto, (max-width: 1280px) 100vw, 1280px\" \/>Luseli Marques Rodrigues 26 anos, funcion\u00e1ria da Medral Engenharia<\/p>\n<p style=\"text-align: justify;\"><img loading=\"lazy\" decoding=\"async\" class=\"alignnone size-full wp-image-53176\" src=\"https:\/\/jorgezanoni.com.br\/2019\/wp-content\/uploads\/2021\/08\/Weberton.jpg\" alt=\"\" width=\"1600\" height=\"900\" srcset=\"https:\/\/jorgezanoni.com.br\/2019\/wp-content\/uploads\/2021\/08\/Weberton.jpg 1600w, https:\/\/jorgezanoni.com.br\/2019\/wp-content\/uploads\/2021\/08\/Weberton-300x169.jpg 300w, https:\/\/jorgezanoni.com.br\/2019\/wp-content\/uploads\/2021\/08\/Weberton-1024x576.jpg 1024w, https:\/\/jorgezanoni.com.br\/2019\/wp-content\/uploads\/2021\/08\/Weberton-768x432.jpg 768w, https:\/\/jorgezanoni.com.br\/2019\/wp-content\/uploads\/2021\/08\/Weberton-1536x864.jpg 1536w, https:\/\/jorgezanoni.com.br\/2019\/wp-content\/uploads\/2021\/08\/Weberton-696x392.jpg 696w, https:\/\/jorgezanoni.com.br\/2019\/wp-content\/uploads\/2021\/08\/Weberton-1068x601.jpg 1068w, https:\/\/jorgezanoni.com.br\/2019\/wp-content\/uploads\/2021\/08\/Weberton-747x420.jpg 747w\" sizes=\"auto, (max-width: 1600px) 100vw, 1600px\" \/>Weberton Magalh\u00e3es Teodoro 33 anos, funcion\u00e1rio da Usina Glencane Bio Energia S\/A<\/p>\n<p>Fonte: APAE<\/p>\n","protected":false},"excerpt":{"rendered":"<p>O m\u00eas de setembro \u00e9 marcado pela Campanha Setembro Verde que refor\u00e7a a import\u00e2ncia da acessibilidade e inclus\u00e3o da pessoa com defici\u00eancia. Essa campanha teve in\u00edcio em 2015 e foi institu\u00edda pela Federa\u00e7\u00e3o das APAEs do Estado de S\u00e3o Paulo \u2013 FEAPAES-SP em parceria com APAE de Valinhos-SP, e seu principal objetivo \u00e9 tornar o [&hellip;]<\/p>\n","protected":false},"author":1,"featured_media":53177,"comment_status":"closed","ping_status":"open","sticky":false,"template":"","format":"standard","meta":{"footnotes":""},"categories":[114,110],"tags":[],"class_list":["post-53171","post","type-post","status-publish","format-standard","has-post-thumbnail","hentry","category-geralecomercio","category-noticiasdestaque"],"_links":{"self":[{"href":"https:\/\/jorgezanoni.com.br\/2019\/wp-json\/wp\/v2\/posts\/53171","targetHints":{"allow":["GET"]}}],"collection":[{"href":"https:\/\/jorgezanoni.com.br\/2019\/wp-json\/wp\/v2\/posts"}],"about":[{"href":"https:\/\/jorgezanoni.com.br\/2019\/wp-json\/wp\/v2\/types\/post"}],"author":[{"embeddable":true,"href":"https:\/\/jorgezanoni.com.br\/2019\/wp-json\/wp\/v2\/users\/1"}],"replies":[{"embeddable":true,"href":"https:\/\/jorgezanoni.com.br\/2019\/wp-json\/wp\/v2\/comments?post=53171"}],"version-history":[{"count":0,"href":"https:\/\/jorgezanoni.com.br\/2019\/wp-json\/wp\/v2\/posts\/53171\/revisions"}],"wp:featuredmedia":[{"embeddable":true,"href":"https:\/\/jorgezanoni.com.br\/2019\/wp-json\/wp\/v2\/media\/53177"}],"wp:attachment":[{"href":"https:\/\/jorgezanoni.com.br\/2019\/wp-json\/wp\/v2\/media?parent=53171"}],"wp:term":[{"taxonomy":"category","embeddable":true,"href":"https:\/\/jorgezanoni.com.br\/2019\/wp-json\/wp\/v2\/categories?post=53171"},{"taxonomy":"post_tag","embeddable":true,"href":"https:\/\/jorgezanoni.com.br\/2019\/wp-json\/wp\/v2\/tags?post=53171"}],"curies":[{"name":"wp","href":"https:\/\/api.w.org\/{rel}","templated":true}]}}