{"id":53164,"date":"2021-08-31T21:31:36","date_gmt":"2021-08-31T21:31:36","guid":{"rendered":"https:\/\/jorgezanoni.com.br\/2019\/?p=53164"},"modified":"2021-08-31T21:31:36","modified_gmt":"2021-08-31T21:31:36","slug":"conjunto-florindo-tabachi-previsao-de-inauguracao-e-para-primeira-semana-de-outubro","status":"publish","type":"post","link":"https:\/\/jorgezanoni.com.br\/2019\/conjunto-florindo-tabachi-previsao-de-inauguracao-e-para-primeira-semana-de-outubro\/","title":{"rendered":"CONJUNTO FLORINDO TABACHI: Previs\u00e3o de inaugura\u00e7\u00e3o \u00e9 para primeira semana de outubro"},"content":{"rendered":"<p style=\"text-align: justify;\">Na segunda-feira, 30\/08, o l\u00edder de Obras Fl\u00e1vio Faria e o gerente de Obras Nelson Tanaka, da CDHU \u2013 regional de Presidente Prudente estiveram em reuni\u00e3o com o prefeito Andr\u00e9 Lemos, no gabinete municipal. O tema tratado foi o Conjunto Habitacional Florindo Tabachi (Dracena K).<br \/>\nConforme constava da programa\u00e7\u00e3o, segunda-feira era o prazo de entrega da construtora Alcance Engenharia e Constru\u00e7\u00e3o Ltda. respons\u00e1vel pelas obras, para a CDHU, mas a empresa solicitou um prazo a mais. A informa\u00e7\u00e3o \u00e9 de que ainda faltam alguns detalhes a serem finalizados no conjunto.<br \/>\nO prefeito Andr\u00e9 Lemos disse que recebeu a informa\u00e7\u00e3o de que a construtora est\u00e1 promovendo uma for\u00e7a tarefa para concluir tudo que precisa.<br \/>\nAndr\u00e9 informou ainda que quando esteve com o vice-governador do Estado Rodrigo Garcia, no s\u00e1bado que passou em Presidente Prudente, recebeu a not\u00edcia de que est\u00e1 sendo programada uma agenda para que se tudo correr bem dentro do esperado a inaugura\u00e7\u00e3o das 300 casas ocorra na primeira semana de outubro.<br \/>\n\u201cAgora s\u00e3o etapas, detalhes que n\u00e3o competem ao munic\u00edpio\u201d, pontuou o prefeito.<\/p>\n<p style=\"text-align: justify;\">Fonte: Diretoria de Comunica\u00e7\u00e3o<\/p>\n","protected":false},"excerpt":{"rendered":"<p>Na segunda-feira, 30\/08, o l\u00edder de Obras Fl\u00e1vio Faria e o gerente de Obras Nelson Tanaka, da CDHU \u2013 regional de Presidente Prudente estiveram em reuni\u00e3o com o prefeito Andr\u00e9 Lemos, no gabinete municipal. O tema tratado foi o Conjunto Habitacional Florindo Tabachi (Dracena K). Conforme constava da programa\u00e7\u00e3o, segunda-feira era o prazo de entrega [&hellip;]<\/p>\n","protected":false},"author":1,"featured_media":53165,"comment_status":"closed","ping_status":"open","sticky":false,"template":"","format":"standard","meta":{"footnotes":""},"categories":[120,110],"tags":[],"class_list":["post-53164","post","type-post","status-publish","format-standard","has-post-thumbnail","hentry","category-justicahabitacaotecnologia","category-noticiasdestaque"],"_links":{"self":[{"href":"https:\/\/jorgezanoni.com.br\/2019\/wp-json\/wp\/v2\/posts\/53164","targetHints":{"allow":["GET"]}}],"collection":[{"href":"https:\/\/jorgezanoni.com.br\/2019\/wp-json\/wp\/v2\/posts"}],"about":[{"href":"https:\/\/jorgezanoni.com.br\/2019\/wp-json\/wp\/v2\/types\/post"}],"author":[{"embeddable":true,"href":"https:\/\/jorgezanoni.com.br\/2019\/wp-json\/wp\/v2\/users\/1"}],"replies":[{"embeddable":true,"href":"https:\/\/jorgezanoni.com.br\/2019\/wp-json\/wp\/v2\/comments?post=53164"}],"version-history":[{"count":0,"href":"https:\/\/jorgezanoni.com.br\/2019\/wp-json\/wp\/v2\/posts\/53164\/revisions"}],"wp:featuredmedia":[{"embeddable":true,"href":"https:\/\/jorgezanoni.com.br\/2019\/wp-json\/wp\/v2\/media\/53165"}],"wp:attachment":[{"href":"https:\/\/jorgezanoni.com.br\/2019\/wp-json\/wp\/v2\/media?parent=53164"}],"wp:term":[{"taxonomy":"category","embeddable":true,"href":"https:\/\/jorgezanoni.com.br\/2019\/wp-json\/wp\/v2\/categories?post=53164"},{"taxonomy":"post_tag","embeddable":true,"href":"https:\/\/jorgezanoni.com.br\/2019\/wp-json\/wp\/v2\/tags?post=53164"}],"curies":[{"name":"wp","href":"https:\/\/api.w.org\/{rel}","templated":true}]}}