{"id":53154,"date":"2021-08-31T18:10:39","date_gmt":"2021-08-31T18:10:39","guid":{"rendered":"https:\/\/jorgezanoni.com.br\/2019\/?p=53154"},"modified":"2021-08-31T18:10:39","modified_gmt":"2021-08-31T18:10:39","slug":"presidente-da-emdaep-concede-entrevista-na-radio-95-fm","status":"publish","type":"post","link":"https:\/\/jorgezanoni.com.br\/2019\/presidente-da-emdaep-concede-entrevista-na-radio-95-fm\/","title":{"rendered":"Presidente da EMDAEP concede entrevista na R\u00e1dio 95 FM"},"content":{"rendered":"<p style=\"text-align: justify;\">Nesta ter\u00e7a-feira, o vice-prefeito Guido Francisco Baggio, presidente da EMDAEP, concedeu entrevista na programa\u00e7\u00e3o da R\u00e1dio 95 FM, com a participa\u00e7\u00e3o do radialista Edmar Siqueira. Em destaque a reta final do parcelamento de contas de \u00e1gua atrasadas, com prazo at\u00e9 28 de outubro. Os interessados devem procurar diretamente a sede da empresa para ades\u00e3o ao plano de pagamentos.<br \/>\nGuido Baggio destacou o monitoramento de po\u00e7os e reservat\u00f3rios. Outro ponto apresentado \u00e9 a etapa de reforma e pintura dos reservat\u00f3rios de Jamaica, Jardim Vera Cruz e Bairro S\u00e3o Francisco.<br \/>\nPor fim, o presidente da EMDAEP falou sobre os investimentos nos setores de \u00e1gua, esgoto e pavimenta\u00e7\u00e3o e pediu que a popula\u00e7\u00e3o fa\u00e7a o pagamento das contas em dia para que a empresa siga com os investimentos necess\u00e1rios nos segmentos onde atua.<\/p>\n<p style=\"text-align: justify;\">Ass. Rela\u00e7\u00f5es P\u00fablicas da EMDAEP<\/p>\n","protected":false},"excerpt":{"rendered":"<p>Nesta ter\u00e7a-feira, o vice-prefeito Guido Francisco Baggio, presidente da EMDAEP, concedeu entrevista na programa\u00e7\u00e3o da R\u00e1dio 95 FM, com a participa\u00e7\u00e3o do radialista Edmar Siqueira. Em destaque a reta final do parcelamento de contas de \u00e1gua atrasadas, com prazo at\u00e9 28 de outubro. Os interessados devem procurar diretamente a sede da empresa para ades\u00e3o ao [&hellip;]<\/p>\n","protected":false},"author":1,"featured_media":53155,"comment_status":"closed","ping_status":"open","sticky":false,"template":"","format":"standard","meta":{"footnotes":""},"categories":[179,184,110],"tags":[],"class_list":["post-53154","post","type-post","status-publish","format-standard","has-post-thumbnail","hentry","category-cidadeseregiao","category-dracena","category-noticiasdestaque"],"_links":{"self":[{"href":"https:\/\/jorgezanoni.com.br\/2019\/wp-json\/wp\/v2\/posts\/53154","targetHints":{"allow":["GET"]}}],"collection":[{"href":"https:\/\/jorgezanoni.com.br\/2019\/wp-json\/wp\/v2\/posts"}],"about":[{"href":"https:\/\/jorgezanoni.com.br\/2019\/wp-json\/wp\/v2\/types\/post"}],"author":[{"embeddable":true,"href":"https:\/\/jorgezanoni.com.br\/2019\/wp-json\/wp\/v2\/users\/1"}],"replies":[{"embeddable":true,"href":"https:\/\/jorgezanoni.com.br\/2019\/wp-json\/wp\/v2\/comments?post=53154"}],"version-history":[{"count":0,"href":"https:\/\/jorgezanoni.com.br\/2019\/wp-json\/wp\/v2\/posts\/53154\/revisions"}],"wp:featuredmedia":[{"embeddable":true,"href":"https:\/\/jorgezanoni.com.br\/2019\/wp-json\/wp\/v2\/media\/53155"}],"wp:attachment":[{"href":"https:\/\/jorgezanoni.com.br\/2019\/wp-json\/wp\/v2\/media?parent=53154"}],"wp:term":[{"taxonomy":"category","embeddable":true,"href":"https:\/\/jorgezanoni.com.br\/2019\/wp-json\/wp\/v2\/categories?post=53154"},{"taxonomy":"post_tag","embeddable":true,"href":"https:\/\/jorgezanoni.com.br\/2019\/wp-json\/wp\/v2\/tags?post=53154"}],"curies":[{"name":"wp","href":"https:\/\/api.w.org\/{rel}","templated":true}]}}