{"id":53140,"date":"2021-08-31T16:24:36","date_gmt":"2021-08-31T16:24:36","guid":{"rendered":"https:\/\/jorgezanoni.com.br\/2019\/?p=53140"},"modified":"2021-08-31T16:24:36","modified_gmt":"2021-08-31T16:24:36","slug":"penitenciaria-feminina-de-tupi-paulista-completa-10-anos","status":"publish","type":"post","link":"https:\/\/jorgezanoni.com.br\/2019\/penitenciaria-feminina-de-tupi-paulista-completa-10-anos\/","title":{"rendered":"Penitenci\u00e1ria Feminina de Tupi Paulista completa 10 anos"},"content":{"rendered":"<p style=\"text-align: justify;\">Em 16 de agosto, a Penitenci\u00e1ria Feminina de Tupi Paulista completou 10 anos de inaugura\u00e7\u00e3o. Para comemorar a data, a\u00e7\u00f5es foram e est\u00e3o sendo desenvolvidas com servidores e reeducandas, respeitando os protocolos de seguran\u00e7a contra o Coronav\u00edrus. Dentre as comemora\u00e7\u00f5es, fora realizado junto aos servidores Curso de Revitaliza\u00e7\u00e3o T\u00e1tica no Servi\u00e7o Penitenci\u00e1rio, almo\u00e7o especial com m\u00fasica ao vivo, sorteio de brindes, entrega de mimos com canetas personalizadas e bolo.<\/p>\n<p style=\"text-align: justify;\">Para as reeducandas, foi servido almo\u00e7o especial e lan\u00e7ada a campanha \u201cDireito a uma Vida Livre de Viol\u00eancia\u201d em parceria com a Ju\u00edza de Direito da 3\u00aa Vara Judicial da Comarca de Adamantina, Ruth Duarte Menegatti. A a\u00e7\u00e3o promover\u00e1 palestras informativas acerca do ciclo da viol\u00eancia e suas formas de enfrentamento, e divulga\u00e7\u00e3o do MOBI GAME sobre o assunto junto a popula\u00e7\u00e3o carcer\u00e1ria da Ala de Progress\u00e3o Penitenci\u00e1ria (regime semiaberto), de forma virtual. Para finalizar, em setembro haver\u00e1 a realiza\u00e7\u00e3o de concurso de desenhos e frases para compor o Calend\u00e1rio da Vida 2022.\u00a0<strong>\u00a0<\/strong><\/p>\n<p style=\"text-align: justify;\"><strong>Hist\u00f3rico\u00a0<\/strong><\/p>\n<p style=\"text-align: justify;\">O estabelecimento \u00e9 a \u00fanica penitenci\u00e1ria feminina da Coordenadoria de Unidades Prisionais da Regi\u00e3o Oeste do Estado (CROESTE) e foi constru\u00edda exclusivamente para atender as particularidades e necessidades das mulheres presas, em especial na \u00e1rea da sa\u00fade, com aten\u00e7\u00e3o \u00e0s reeducandas gestantes e lactantes atrav\u00e9s dos\u00a0Projetos \u201cMeu Beb\u00ea, Minha Vida\u201d e \u201cNascendo para Liberdade\u201d.<\/p>\n<p style=\"text-align: justify;\">Al\u00e9m disso, a unidade est\u00e1 equipada com setores de trabalho, biblioteca e educa\u00e7\u00e3o, visando a ressocializa\u00e7\u00e3o social da mulher presa. Possui, inclusive, uma padaria artesanal e desenvolve cursos profissionalizantes em parceria com Secretarias de Estado e o Poder Judici\u00e1rio.<\/p>\n<p style=\"text-align: justify;\">Com uma \u00e1rea total de 19.142,34 m\u00b2, a unidade possui a cust\u00f3dia de reeducandas em regime provis\u00f3rio, fechado e semiaberto. \u201cEstamos comemorando uma d\u00e9cada de muito trabalho, feito com dedica\u00e7\u00e3o e comprometimento. Sabemos que ainda temos muito a aprender e fazer. Aqui crescemos como seres humanos e profissionais\u201d, diz Adriana Alkmin Pereira Domingues, gestora da penitenci\u00e1ria.<\/p>\n<p style=\"text-align: justify;\"><strong>PROJETOS<\/strong><\/p>\n<p style=\"text-align: justify;\">Na unidade prisional, foi instalada uma oficina de confec\u00e7\u00e3o de uniformes para reeducandos e m\u00e1scaras de prote\u00e7\u00e3o reutiliz\u00e1veis. O material \u00e9 confeccionado por reeducandas, capacitadas em curso de corte e costura e contratadas pela Funda\u00e7\u00e3o Prof. &#8220;Dr. Manoel Pedro Pimentel&#8221; (FUNAP), o que oportuniza reinser\u00e7\u00e3o social e aux\u00edlio nas a\u00e7\u00f5es de preven\u00e7\u00e3o ao novo Coronav\u00edrus. \u00a0O pres\u00eddio tamb\u00e9m disponibiliza Curso T\u00e9cnico de Administra\u00e7\u00e3o, realizado atrav\u00e9s da FUNAP e Centro Paula Souza, sendo j\u00e1 finalizadas tr\u00eas turmas do referido curso e iniciada a 4\u00aa turma com 20 reeducandas.<\/p>\n<p><img loading=\"lazy\" decoding=\"async\" class=\"alignnone size-full wp-image-53141\" src=\"https:\/\/jorgezanoni.com.br\/2019\/wp-content\/uploads\/2021\/08\/Almoco-especial-contou-com-musica-ao-vivo-para-funcionarios.jpeg\" alt=\"\" width=\"1233\" height=\"590\" srcset=\"https:\/\/jorgezanoni.com.br\/2019\/wp-content\/uploads\/2021\/08\/Almoco-especial-contou-com-musica-ao-vivo-para-funcionarios.jpeg 1233w, https:\/\/jorgezanoni.com.br\/2019\/wp-content\/uploads\/2021\/08\/Almoco-especial-contou-com-musica-ao-vivo-para-funcionarios-300x144.jpeg 300w, https:\/\/jorgezanoni.com.br\/2019\/wp-content\/uploads\/2021\/08\/Almoco-especial-contou-com-musica-ao-vivo-para-funcionarios-1024x490.jpeg 1024w, https:\/\/jorgezanoni.com.br\/2019\/wp-content\/uploads\/2021\/08\/Almoco-especial-contou-com-musica-ao-vivo-para-funcionarios-768x367.jpeg 768w, https:\/\/jorgezanoni.com.br\/2019\/wp-content\/uploads\/2021\/08\/Almoco-especial-contou-com-musica-ao-vivo-para-funcionarios-696x333.jpeg 696w, https:\/\/jorgezanoni.com.br\/2019\/wp-content\/uploads\/2021\/08\/Almoco-especial-contou-com-musica-ao-vivo-para-funcionarios-1068x511.jpeg 1068w, https:\/\/jorgezanoni.com.br\/2019\/wp-content\/uploads\/2021\/08\/Almoco-especial-contou-com-musica-ao-vivo-para-funcionarios-878x420.jpeg 878w\" sizes=\"auto, (max-width: 1233px) 100vw, 1233px\" \/>Almo\u00e7o especial contou com m\u00fasica ao vivo para funcion\u00e1rios<\/p>\n<p><img loading=\"lazy\" decoding=\"async\" class=\"alignnone size-full wp-image-53143\" src=\"https:\/\/jorgezanoni.com.br\/2019\/wp-content\/uploads\/2021\/08\/Estabelecimento-foi-decorado-na-cor-rosa-por-atender-mulheres-reeducandas-1.jpeg\" alt=\"\" width=\"1016\" height=\"705\" srcset=\"https:\/\/jorgezanoni.com.br\/2019\/wp-content\/uploads\/2021\/08\/Estabelecimento-foi-decorado-na-cor-rosa-por-atender-mulheres-reeducandas-1.jpeg 1016w, https:\/\/jorgezanoni.com.br\/2019\/wp-content\/uploads\/2021\/08\/Estabelecimento-foi-decorado-na-cor-rosa-por-atender-mulheres-reeducandas-1-300x208.jpeg 300w, https:\/\/jorgezanoni.com.br\/2019\/wp-content\/uploads\/2021\/08\/Estabelecimento-foi-decorado-na-cor-rosa-por-atender-mulheres-reeducandas-1-768x533.jpeg 768w, https:\/\/jorgezanoni.com.br\/2019\/wp-content\/uploads\/2021\/08\/Estabelecimento-foi-decorado-na-cor-rosa-por-atender-mulheres-reeducandas-1-100x70.jpeg 100w, https:\/\/jorgezanoni.com.br\/2019\/wp-content\/uploads\/2021\/08\/Estabelecimento-foi-decorado-na-cor-rosa-por-atender-mulheres-reeducandas-1-218x150.jpeg 218w, https:\/\/jorgezanoni.com.br\/2019\/wp-content\/uploads\/2021\/08\/Estabelecimento-foi-decorado-na-cor-rosa-por-atender-mulheres-reeducandas-1-696x483.jpeg 696w, https:\/\/jorgezanoni.com.br\/2019\/wp-content\/uploads\/2021\/08\/Estabelecimento-foi-decorado-na-cor-rosa-por-atender-mulheres-reeducandas-1-605x420.jpeg 605w\" sizes=\"auto, (max-width: 1016px) 100vw, 1016px\" \/>Estabelecimento foi decorado na cor rosa por atender mulheres reeducandas<\/p>\n<p style=\"text-align: justify;\"><img loading=\"lazy\" decoding=\"async\" class=\"alignnone size-full wp-image-53144\" src=\"https:\/\/jorgezanoni.com.br\/2019\/wp-content\/uploads\/2021\/08\/Servidores-participaram-de-acoes-em-comemoracao-a-data-sendo-presenteados-com-brindes-e-bolo.jpg\" alt=\"\" width=\"1271\" height=\"875\" srcset=\"https:\/\/jorgezanoni.com.br\/2019\/wp-content\/uploads\/2021\/08\/Servidores-participaram-de-acoes-em-comemoracao-a-data-sendo-presenteados-com-brindes-e-bolo.jpg 1271w, https:\/\/jorgezanoni.com.br\/2019\/wp-content\/uploads\/2021\/08\/Servidores-participaram-de-acoes-em-comemoracao-a-data-sendo-presenteados-com-brindes-e-bolo-300x207.jpg 300w, https:\/\/jorgezanoni.com.br\/2019\/wp-content\/uploads\/2021\/08\/Servidores-participaram-de-acoes-em-comemoracao-a-data-sendo-presenteados-com-brindes-e-bolo-1024x705.jpg 1024w, https:\/\/jorgezanoni.com.br\/2019\/wp-content\/uploads\/2021\/08\/Servidores-participaram-de-acoes-em-comemoracao-a-data-sendo-presenteados-com-brindes-e-bolo-768x529.jpg 768w, https:\/\/jorgezanoni.com.br\/2019\/wp-content\/uploads\/2021\/08\/Servidores-participaram-de-acoes-em-comemoracao-a-data-sendo-presenteados-com-brindes-e-bolo-100x70.jpg 100w, https:\/\/jorgezanoni.com.br\/2019\/wp-content\/uploads\/2021\/08\/Servidores-participaram-de-acoes-em-comemoracao-a-data-sendo-presenteados-com-brindes-e-bolo-218x150.jpg 218w, https:\/\/jorgezanoni.com.br\/2019\/wp-content\/uploads\/2021\/08\/Servidores-participaram-de-acoes-em-comemoracao-a-data-sendo-presenteados-com-brindes-e-bolo-696x479.jpg 696w, https:\/\/jorgezanoni.com.br\/2019\/wp-content\/uploads\/2021\/08\/Servidores-participaram-de-acoes-em-comemoracao-a-data-sendo-presenteados-com-brindes-e-bolo-1068x735.jpg 1068w, https:\/\/jorgezanoni.com.br\/2019\/wp-content\/uploads\/2021\/08\/Servidores-participaram-de-acoes-em-comemoracao-a-data-sendo-presenteados-com-brindes-e-bolo-610x420.jpg 610w\" sizes=\"auto, (max-width: 1271px) 100vw, 1271px\" \/>Servidores participaram de a\u00e7\u00f5es em comemora\u00e7\u00e3o a data, sendo presenteados com brindes e bolo<\/p>\n<p><img loading=\"lazy\" decoding=\"async\" class=\"alignnone size-full wp-image-53145\" src=\"https:\/\/jorgezanoni.com.br\/2019\/wp-content\/uploads\/2021\/08\/Unidade-prisional-foi-inaugurada-em-16-de-agosto-de-2011-com-cerca-de-20-mil-m\u00b2.jpeg\" alt=\"\" width=\"1280\" height=\"622\" srcset=\"https:\/\/jorgezanoni.com.br\/2019\/wp-content\/uploads\/2021\/08\/Unidade-prisional-foi-inaugurada-em-16-de-agosto-de-2011-com-cerca-de-20-mil-m\u00b2.jpeg 1280w, https:\/\/jorgezanoni.com.br\/2019\/wp-content\/uploads\/2021\/08\/Unidade-prisional-foi-inaugurada-em-16-de-agosto-de-2011-com-cerca-de-20-mil-m\u00b2-300x146.jpeg 300w, https:\/\/jorgezanoni.com.br\/2019\/wp-content\/uploads\/2021\/08\/Unidade-prisional-foi-inaugurada-em-16-de-agosto-de-2011-com-cerca-de-20-mil-m\u00b2-1024x498.jpeg 1024w, https:\/\/jorgezanoni.com.br\/2019\/wp-content\/uploads\/2021\/08\/Unidade-prisional-foi-inaugurada-em-16-de-agosto-de-2011-com-cerca-de-20-mil-m\u00b2-768x373.jpeg 768w, https:\/\/jorgezanoni.com.br\/2019\/wp-content\/uploads\/2021\/08\/Unidade-prisional-foi-inaugurada-em-16-de-agosto-de-2011-com-cerca-de-20-mil-m\u00b2-696x338.jpeg 696w, https:\/\/jorgezanoni.com.br\/2019\/wp-content\/uploads\/2021\/08\/Unidade-prisional-foi-inaugurada-em-16-de-agosto-de-2011-com-cerca-de-20-mil-m\u00b2-1068x519.jpeg 1068w, https:\/\/jorgezanoni.com.br\/2019\/wp-content\/uploads\/2021\/08\/Unidade-prisional-foi-inaugurada-em-16-de-agosto-de-2011-com-cerca-de-20-mil-m\u00b2-864x420.jpeg 864w\" sizes=\"auto, (max-width: 1280px) 100vw, 1280px\" \/>Unidade prisional foi inaugurada em 16 de agosto de 2011 com cerca de 20 mil m\u00b2<\/p>\n<p>Fonte: Eliane Borges &#8211; Croeste<\/p>\n<p>Comp. Jorge Zanoni<\/p>\n","protected":false},"excerpt":{"rendered":"<p>Em 16 de agosto, a Penitenci\u00e1ria Feminina de Tupi Paulista completou 10 anos de inaugura\u00e7\u00e3o. Para comemorar a data, a\u00e7\u00f5es foram e est\u00e3o sendo desenvolvidas com servidores e reeducandas, respeitando os protocolos de seguran\u00e7a contra o Coronav\u00edrus. Dentre as comemora\u00e7\u00f5es, fora realizado junto aos servidores Curso de Revitaliza\u00e7\u00e3o T\u00e1tica no Servi\u00e7o Penitenci\u00e1rio, almo\u00e7o especial com [&hellip;]<\/p>\n","protected":false},"author":1,"featured_media":53142,"comment_status":"closed","ping_status":"open","sticky":false,"template":"","format":"standard","meta":{"footnotes":""},"categories":[114,110],"tags":[],"class_list":["post-53140","post","type-post","status-publish","format-standard","has-post-thumbnail","hentry","category-geralecomercio","category-noticiasdestaque"],"_links":{"self":[{"href":"https:\/\/jorgezanoni.com.br\/2019\/wp-json\/wp\/v2\/posts\/53140","targetHints":{"allow":["GET"]}}],"collection":[{"href":"https:\/\/jorgezanoni.com.br\/2019\/wp-json\/wp\/v2\/posts"}],"about":[{"href":"https:\/\/jorgezanoni.com.br\/2019\/wp-json\/wp\/v2\/types\/post"}],"author":[{"embeddable":true,"href":"https:\/\/jorgezanoni.com.br\/2019\/wp-json\/wp\/v2\/users\/1"}],"replies":[{"embeddable":true,"href":"https:\/\/jorgezanoni.com.br\/2019\/wp-json\/wp\/v2\/comments?post=53140"}],"version-history":[{"count":0,"href":"https:\/\/jorgezanoni.com.br\/2019\/wp-json\/wp\/v2\/posts\/53140\/revisions"}],"wp:featuredmedia":[{"embeddable":true,"href":"https:\/\/jorgezanoni.com.br\/2019\/wp-json\/wp\/v2\/media\/53142"}],"wp:attachment":[{"href":"https:\/\/jorgezanoni.com.br\/2019\/wp-json\/wp\/v2\/media?parent=53140"}],"wp:term":[{"taxonomy":"category","embeddable":true,"href":"https:\/\/jorgezanoni.com.br\/2019\/wp-json\/wp\/v2\/categories?post=53140"},{"taxonomy":"post_tag","embeddable":true,"href":"https:\/\/jorgezanoni.com.br\/2019\/wp-json\/wp\/v2\/tags?post=53140"}],"curies":[{"name":"wp","href":"https:\/\/api.w.org\/{rel}","templated":true}]}}