{"id":53135,"date":"2021-08-31T15:47:43","date_gmt":"2021-08-31T15:47:43","guid":{"rendered":"https:\/\/jorgezanoni.com.br\/2019\/?p=53135"},"modified":"2021-08-31T15:47:43","modified_gmt":"2021-08-31T15:47:43","slug":"direcao-da-fundec-participa-de-evento-em-assis-com-vice-governador-de-sao-paulo-rodrigo-garcia","status":"publish","type":"post","link":"https:\/\/jorgezanoni.com.br\/2019\/direcao-da-fundec-participa-de-evento-em-assis-com-vice-governador-de-sao-paulo-rodrigo-garcia\/","title":{"rendered":"Dire\u00e7\u00e3o da Fundec participa de evento em Assis com vice-governador de S\u00e3o Paulo Rodrigo Garcia"},"content":{"rendered":"<p style=\"text-align: justify;\"><span style=\"font-size: large;\">Na \u00faltima sexta-feira, 27 de agosto de 2021, o vice-governador do Estado de S\u00e3o Paulo, Rodrigo Garcia, esteve presente em Assis para um encontro que teve como foco o desenvolvimento regional.<\/span><\/p>\n<p><span style=\"font-size: large;\">Edson Kai, diretor executivo, e Fernando Nunes, diretor de Comunica\u00e7\u00e3o e Secret\u00e1rio Assistente, representaram a Fundec no encontro realizado na Fema.<\/span><\/p>\n<p><span style=\"font-size: large;\">Na ocasi\u00e3o, o vice-governador refor\u00e7ou o compromisso do governo estadual com a educa\u00e7\u00e3o e o desenvolvimento regional.<\/span><\/p>\n<p><img loading=\"lazy\" decoding=\"async\" class=\"alignnone size-full wp-image-53137\" src=\"https:\/\/jorgezanoni.com.br\/2019\/wp-content\/uploads\/2021\/08\/fundec1.jpg\" alt=\"\" width=\"240\" height=\"180\" srcset=\"https:\/\/jorgezanoni.com.br\/2019\/wp-content\/uploads\/2021\/08\/fundec1.jpg 240w, https:\/\/jorgezanoni.com.br\/2019\/wp-content\/uploads\/2021\/08\/fundec1-80x60.jpg 80w\" sizes=\"auto, (max-width: 240px) 100vw, 240px\" \/><\/p>\n<p style=\"text-align: justify;\">Fonte: Departamento de Comunica\u00e7\u00e3o Fundec<\/p>\n","protected":false},"excerpt":{"rendered":"<p>Na \u00faltima sexta-feira, 27 de agosto de 2021, o vice-governador do Estado de S\u00e3o Paulo, Rodrigo Garcia, esteve presente em Assis para um encontro que teve como foco o desenvolvimento regional. Edson Kai, diretor executivo, e Fernando Nunes, diretor de Comunica\u00e7\u00e3o e Secret\u00e1rio Assistente, representaram a Fundec no encontro realizado na Fema. Na ocasi\u00e3o, o [&hellip;]<\/p>\n","protected":false},"author":1,"featured_media":53136,"comment_status":"closed","ping_status":"open","sticky":false,"template":"","format":"standard","meta":{"footnotes":""},"categories":[110,122],"tags":[],"class_list":["post-53135","post","type-post","status-publish","format-standard","has-post-thumbnail","hentry","category-noticiasdestaque","category-saudeeducacaoeconcurso"],"_links":{"self":[{"href":"https:\/\/jorgezanoni.com.br\/2019\/wp-json\/wp\/v2\/posts\/53135","targetHints":{"allow":["GET"]}}],"collection":[{"href":"https:\/\/jorgezanoni.com.br\/2019\/wp-json\/wp\/v2\/posts"}],"about":[{"href":"https:\/\/jorgezanoni.com.br\/2019\/wp-json\/wp\/v2\/types\/post"}],"author":[{"embeddable":true,"href":"https:\/\/jorgezanoni.com.br\/2019\/wp-json\/wp\/v2\/users\/1"}],"replies":[{"embeddable":true,"href":"https:\/\/jorgezanoni.com.br\/2019\/wp-json\/wp\/v2\/comments?post=53135"}],"version-history":[{"count":0,"href":"https:\/\/jorgezanoni.com.br\/2019\/wp-json\/wp\/v2\/posts\/53135\/revisions"}],"wp:featuredmedia":[{"embeddable":true,"href":"https:\/\/jorgezanoni.com.br\/2019\/wp-json\/wp\/v2\/media\/53136"}],"wp:attachment":[{"href":"https:\/\/jorgezanoni.com.br\/2019\/wp-json\/wp\/v2\/media?parent=53135"}],"wp:term":[{"taxonomy":"category","embeddable":true,"href":"https:\/\/jorgezanoni.com.br\/2019\/wp-json\/wp\/v2\/categories?post=53135"},{"taxonomy":"post_tag","embeddable":true,"href":"https:\/\/jorgezanoni.com.br\/2019\/wp-json\/wp\/v2\/tags?post=53135"}],"curies":[{"name":"wp","href":"https:\/\/api.w.org\/{rel}","templated":true}]}}