{"id":53117,"date":"2021-08-30T21:40:49","date_gmt":"2021-08-30T21:40:49","guid":{"rendered":"https:\/\/jorgezanoni.com.br\/2019\/?p=53117"},"modified":"2021-08-30T21:41:28","modified_gmt":"2021-08-30T21:41:28","slug":"vacina-covid-amanha-no-periodo-da-manha-para-a-segunda-dose-das-17-as-21-hs-veja-quem-pode-ser-vacinado","status":"publish","type":"post","link":"https:\/\/jorgezanoni.com.br\/2019\/vacina-covid-amanha-no-periodo-da-manha-para-a-segunda-dose-das-17-as-21-hs-veja-quem-pode-ser-vacinado\/","title":{"rendered":"VACINA COVID: Amanh\u00e3 no per\u00edodo da manh\u00e3, para a segunda dose; das 17 \u00e0s 21 Hs. veja quem pode ser vacinado"},"content":{"rendered":"<p style=\"text-align: justify;\">Nesta ter\u00e7a-feira, 31\/08, a campanha de vacina\u00e7\u00e3o covid-19 ser\u00e1 das 8h \u00e0s 13h, na Igreja Assembleia de Deus Bel\u00e9m, Rua Janu\u00e1rio Bonito 527, Vila Barros, para pessoas com a segunda dose da vacina agendada (com a data descrita na carteirinha, \u00e9 importante que seja o dia correto, n\u00e3o pode ser antecipado).<br \/>\nDevem tamb\u00e9m apresentar o RG, CPF e o cart\u00e3o da primeira dose.<\/p>\n<p style=\"text-align: justify;\"><strong>16 ANOS<\/strong><br \/>\nNa ter\u00e7a-feira tamb\u00e9m haver\u00e1 o servi\u00e7o de vacina\u00e7\u00e3o, na Policl\u00ednica, no bairro S\u00e3o Crist\u00f3v\u00e3o, das 17h \u00e0s 21h, para adolescentes de 16 anos completos, sem comorbidades e para pessoas de 12 a 17 anos, com comorbidades definidas pelo Minist\u00e9rio da Sa\u00fade, defici\u00eancia, gestantes e pu\u00e9rperas.<br \/>\nDevem ir acompanhados por um respons\u00e1vel e apresentar RG, CPF e comprovante de resid\u00eancia.<br \/>\nA Sa\u00fade municipal orienta esse p\u00fablico de adolescente que ao ir at\u00e9 ao posto de vacina\u00e7\u00e3o \u00e9 necess\u00e1rio apresentar o\u00a0atestado m\u00e9dico constando ter o CID (classifica\u00e7\u00e3o) da comorbidade, assim como o CRM do m\u00e9dico e que o atestado tenha data atual dos \u00faltimos 6 meses. Atestados quanto \u00e0\u00a0obesidade precisam constar IMC &#8211; \u00cdndice de Massa Corp\u00f3rea\u00a0acima de 40.<\/p>\n<p><strong>QUEM AINDA N\u00c3O FOI VACINADO<\/strong><\/p>\n<p style=\"text-align: justify;\">Pessoas de 18 anos ou mais que ainda n\u00e3o receberam a primeira dose da vacina dever\u00e3o aguardar o recebimento de novas vacinas para este grupo. Podem ligar no Informa Vacina &#8211; 3822-1211 &#8211; para deixar o contato.<\/p>\n<p><img loading=\"lazy\" decoding=\"async\" class=\"alignnone size-full wp-image-53118\" src=\"https:\/\/jorgezanoni.com.br\/2019\/wp-content\/uploads\/2021\/08\/va.jpg\" alt=\"\" width=\"720\" height=\"720\" srcset=\"https:\/\/jorgezanoni.com.br\/2019\/wp-content\/uploads\/2021\/08\/va.jpg 720w, https:\/\/jorgezanoni.com.br\/2019\/wp-content\/uploads\/2021\/08\/va-300x300.jpg 300w, https:\/\/jorgezanoni.com.br\/2019\/wp-content\/uploads\/2021\/08\/va-150x150.jpg 150w, https:\/\/jorgezanoni.com.br\/2019\/wp-content\/uploads\/2021\/08\/va-696x696.jpg 696w, https:\/\/jorgezanoni.com.br\/2019\/wp-content\/uploads\/2021\/08\/va-420x420.jpg 420w\" sizes=\"auto, (max-width: 720px) 100vw, 720px\" \/><\/p>\n<p style=\"text-align: justify;\">Fonte: Diretoria de Comunica\u00e7\u00e3o<\/p>\n","protected":false},"excerpt":{"rendered":"<p>Nesta ter\u00e7a-feira, 31\/08, a campanha de vacina\u00e7\u00e3o covid-19 ser\u00e1 das 8h \u00e0s 13h, na Igreja Assembleia de Deus Bel\u00e9m, Rua Janu\u00e1rio Bonito 527, Vila Barros, para pessoas com a segunda dose da vacina agendada (com a data descrita na carteirinha, \u00e9 importante que seja o dia correto, n\u00e3o pode ser antecipado). Devem tamb\u00e9m apresentar o [&hellip;]<\/p>\n","protected":false},"author":1,"featured_media":53119,"comment_status":"closed","ping_status":"open","sticky":false,"template":"","format":"standard","meta":{"footnotes":""},"categories":[179,184,110],"tags":[],"class_list":["post-53117","post","type-post","status-publish","format-standard","has-post-thumbnail","hentry","category-cidadeseregiao","category-dracena","category-noticiasdestaque"],"_links":{"self":[{"href":"https:\/\/jorgezanoni.com.br\/2019\/wp-json\/wp\/v2\/posts\/53117","targetHints":{"allow":["GET"]}}],"collection":[{"href":"https:\/\/jorgezanoni.com.br\/2019\/wp-json\/wp\/v2\/posts"}],"about":[{"href":"https:\/\/jorgezanoni.com.br\/2019\/wp-json\/wp\/v2\/types\/post"}],"author":[{"embeddable":true,"href":"https:\/\/jorgezanoni.com.br\/2019\/wp-json\/wp\/v2\/users\/1"}],"replies":[{"embeddable":true,"href":"https:\/\/jorgezanoni.com.br\/2019\/wp-json\/wp\/v2\/comments?post=53117"}],"version-history":[{"count":0,"href":"https:\/\/jorgezanoni.com.br\/2019\/wp-json\/wp\/v2\/posts\/53117\/revisions"}],"wp:featuredmedia":[{"embeddable":true,"href":"https:\/\/jorgezanoni.com.br\/2019\/wp-json\/wp\/v2\/media\/53119"}],"wp:attachment":[{"href":"https:\/\/jorgezanoni.com.br\/2019\/wp-json\/wp\/v2\/media?parent=53117"}],"wp:term":[{"taxonomy":"category","embeddable":true,"href":"https:\/\/jorgezanoni.com.br\/2019\/wp-json\/wp\/v2\/categories?post=53117"},{"taxonomy":"post_tag","embeddable":true,"href":"https:\/\/jorgezanoni.com.br\/2019\/wp-json\/wp\/v2\/tags?post=53117"}],"curies":[{"name":"wp","href":"https:\/\/api.w.org\/{rel}","templated":true}]}}