{"id":53114,"date":"2021-08-30T20:09:28","date_gmt":"2021-08-30T20:09:28","guid":{"rendered":"https:\/\/jorgezanoni.com.br\/2019\/?p=53114"},"modified":"2021-08-30T20:09:28","modified_gmt":"2021-08-30T20:09:28","slug":"presidente-prudente-confirma-primeiro-caso-autoctone-de-covid-19-pela-variante-delta","status":"publish","type":"post","link":"https:\/\/jorgezanoni.com.br\/2019\/presidente-prudente-confirma-primeiro-caso-autoctone-de-covid-19-pela-variante-delta\/","title":{"rendered":"Presidente Prudente confirma primeiro caso aut\u00f3ctone de Covid-19 pela variante Delta"},"content":{"rendered":"<h2 class=\"content-head__subtitle\" style=\"text-align: justify;\"><strong>Paciente \u00e9 um homem de 57 anos, que come\u00e7ou a apresentar sintomas no dia 7 de agosto. Ele teve contato com a esposa, que esteve no Rio de Janeiro e tamb\u00e9m foi diagnosticada com a variante.<\/strong><\/h2>\n<div class=\"mc-column content-text active-extra-styles \" style=\"text-align: justify;\" data-block-type=\"unstyled\" data-block-weight=\"38\" data-block-id=\"2\">\n<p class=\"content-text__container \" data-track-category=\"Link no Texto\" data-track-links=\"\">A Vigil\u00e2ncia Epidemiol\u00f3gica Municipal (VEM) confirmou nesta segunda-feira (30) o primeiro caso positivo da Covid-19 pela variante Delta, em\u00a0<a href=\"https:\/\/g1.globo.com\/sp\/presidente-prudente-regiao\/cidade\/presidente-prudente\/\">Presidente Prudente (SP)<\/a>. Conforme a VEM, esse \u00e9 o primeiro caso aut\u00f3ctone, ou seja, foi contra\u00eddo no pr\u00f3prio munic\u00edpio.<\/p>\n<\/div>\n<div class=\"wall protected-content\">\n<div class=\"mc-column content-text active-extra-styles \" style=\"text-align: justify;\" data-block-type=\"unstyled\" data-block-weight=\"59\" data-block-id=\"3\">\n<p class=\"content-text__container \" data-track-category=\"Link no Texto\" data-track-links=\"\">De acordo com a VEM, o paciente \u00e9 um homem de 57 anos, que come\u00e7ou a apresentar sintomas no dia 7 de agosto e n\u00e3o viajou para outra localidade, por\u00e9m, teve contato com a esposa que esteve no Rio de Janeiro (RJ) entre os dias 27 e 31 de julho e que tamb\u00e9m foi diagnosticada com a mesma variante.<\/p>\n<\/div>\n<div class=\"mc-column content-text active-extra-styles \" style=\"text-align: justify;\" data-block-type=\"unstyled\" data-block-weight=\"31\" data-block-id=\"4\">\n<p class=\"content-text__container \" data-track-category=\"Link no Texto\" data-track-links=\"\">A Prefeitura informou que o Rio de Janeiro \u00e9 onde se concentra a maior concentra\u00e7\u00e3o de casos da Delta no pa\u00eds. Ambos apresentaram sintomas leves e j\u00e1 est\u00e3o curados da doen\u00e7a.<\/p>\n<\/div>\n<div class=\"mc-column content-text active-extra-styles \" data-block-type=\"unstyled\" data-block-weight=\"26\" data-block-id=\"5\">\n<p class=\"content-text__container \" style=\"text-align: justify;\" data-track-category=\"Link no Texto\" data-track-links=\"\">Conforme informa\u00e7\u00f5es do Grupo de Vigil\u00e2ncia Epidemiol\u00f3gica (GVE), a variante Delta \u00e9 considerada pela Organiza\u00e7\u00e3o Mundial da Sa\u00fade (OMS) uma variante variante de preocupa\u00e7\u00e3o mundial (VOC).<\/p>\n<p style=\"text-align: justify;\" data-track-category=\"Link no Texto\" data-track-links=\"\">Fonte: G1<\/p>\n<\/div>\n<\/div>\n","protected":false},"excerpt":{"rendered":"<p>Paciente \u00e9 um homem de 57 anos, que come\u00e7ou a apresentar sintomas no dia 7 de agosto. Ele teve contato com a esposa, que esteve no Rio de Janeiro e tamb\u00e9m foi diagnosticada com a variante. A Vigil\u00e2ncia Epidemiol\u00f3gica Municipal (VEM) confirmou nesta segunda-feira (30) o primeiro caso positivo da Covid-19 pela variante Delta, em\u00a0Presidente [&hellip;]<\/p>\n","protected":false},"author":1,"featured_media":53115,"comment_status":"closed","ping_status":"open","sticky":false,"template":"","format":"standard","meta":{"footnotes":""},"categories":[110,122],"tags":[],"class_list":["post-53114","post","type-post","status-publish","format-standard","has-post-thumbnail","hentry","category-noticiasdestaque","category-saudeeducacaoeconcurso"],"_links":{"self":[{"href":"https:\/\/jorgezanoni.com.br\/2019\/wp-json\/wp\/v2\/posts\/53114","targetHints":{"allow":["GET"]}}],"collection":[{"href":"https:\/\/jorgezanoni.com.br\/2019\/wp-json\/wp\/v2\/posts"}],"about":[{"href":"https:\/\/jorgezanoni.com.br\/2019\/wp-json\/wp\/v2\/types\/post"}],"author":[{"embeddable":true,"href":"https:\/\/jorgezanoni.com.br\/2019\/wp-json\/wp\/v2\/users\/1"}],"replies":[{"embeddable":true,"href":"https:\/\/jorgezanoni.com.br\/2019\/wp-json\/wp\/v2\/comments?post=53114"}],"version-history":[{"count":0,"href":"https:\/\/jorgezanoni.com.br\/2019\/wp-json\/wp\/v2\/posts\/53114\/revisions"}],"wp:featuredmedia":[{"embeddable":true,"href":"https:\/\/jorgezanoni.com.br\/2019\/wp-json\/wp\/v2\/media\/53115"}],"wp:attachment":[{"href":"https:\/\/jorgezanoni.com.br\/2019\/wp-json\/wp\/v2\/media?parent=53114"}],"wp:term":[{"taxonomy":"category","embeddable":true,"href":"https:\/\/jorgezanoni.com.br\/2019\/wp-json\/wp\/v2\/categories?post=53114"},{"taxonomy":"post_tag","embeddable":true,"href":"https:\/\/jorgezanoni.com.br\/2019\/wp-json\/wp\/v2\/tags?post=53114"}],"curies":[{"name":"wp","href":"https:\/\/api.w.org\/{rel}","templated":true}]}}